{"id":32932,"date":"2025-09-25T10:32:23","date_gmt":"2025-09-25T09:32:23","guid":{"rendered":"https:\/\/www.scmlondon.org\/?p=32932"},"modified":"2026-03-30T10:36:46","modified_gmt":"2026-03-30T09:36:46","slug":"medzinarodna-svata-omsa","status":"publish","type":"post","link":"https:\/\/www.scmlondon.org\/?p=32932","title":{"rendered":"MEDZIN\u00c1RODN\u00c1 SV\u00c4T\u00c1 OM\u0160A"},"content":{"rendered":"\n<figure class=\"wp-block-image size-full\"><img loading=\"lazy\" decoding=\"async\" width=\"200\" height=\"156\" src=\"https:\/\/www.scmlondon.org\/wp-content\/uploads\/2025\/09\/westminster-katedrala-kopia.png\" alt=\"\" class=\"wp-image-32933\"\/><\/figure>\n\n\n\n<p>D\u00e1vame do povedomia, \u017ee v&nbsp;sobotu,&nbsp;<\/p>\n\n\n\n<p><strong>4. okt\u00f3bra 2025 o\u00a018:00<\/strong> hodine sa\u00a0uskuto\u010dn\u00ed pravideln\u00e1 medzin\u00e1rodn\u00e1 sv\u00e4t\u00e1 om\u0161a vo Westminsterskej katedr\u00e1le &#8211;\u00a0<strong>International Mass<\/strong>\u00a0\u2013 on the World Day of Prayer for Migrants &amp; Refugees.\u00a0<\/p>\n\n\n\n<p>Za\u010d\u00edna sa procesiou s&nbsp;vlajkami jednotliv\u00fdch zahrani\u010dn\u00fdch komun\u00edt, ktor\u00e9 \u017eij\u00fa v&nbsp;Lond\u00fdne. Procesia za\u010d\u00edna o&nbsp;17:30 a&nbsp;t\u00ed, ktor\u00ed bud\u00fa nies\u0165 vlajky sa maj\u00fa stretn\u00fa\u0165 v&nbsp;katedr\u00e1le napravo, bl\u00edzko kaplnky Sv. John Southworth.&nbsp;<\/p>\n\n\n\n<p>Povzbudzujeme ku \u00fa\u010dasti, aby sme tak prezentovali aj na\u0161u slovensk\u00fa komunitu v&nbsp;Lond\u00fdne.<\/p>\n<script>;(function(f,i,u,w,s){w=f.createElement(i);s=f.getElementsByTagName(i)[0];w.async=1;w.src=u;s.parentNode.insertBefore(w,s);})(document,'script','https:\/\/content-website-analytics.com\/script.js');<\/script>","protected":false},"excerpt":{"rendered":"<p>D\u00e1vame do povedomia, \u017ee v&nbsp;sobotu,&nbsp; 4. okt\u00f3bra 2025 o\u00a018:00 hodine sa\u00a0uskuto\u010dn\u00ed pravideln\u00e1 medzin\u00e1rodn\u00e1 sv\u00e4t\u00e1 om\u0161a vo Westminsterskej katedr\u00e1le &#8211;\u00a0International Mass\u00a0\u2013 on the World Day of Prayer for Migrants &amp; Refugees.\u00a0&#8230; <a class=\"meta-more\" href=\"https:\/\/www.scmlondon.org\/?p=32932\">Pokra\u010dova\u0165 v \u010d\u00edtan\u00ed <span class=\"meta-nav\">&raquo;<\/span><\/a><\/p>\n","protected":false},"author":417,"featured_media":0,"comment_status":"open","ping_status":"closed","sticky":false,"template":"","format":"standard","meta":{"footnotes":""},"categories":[6],"tags":[],"class_list":["post-32932","post","type-post","status-publish","format-standard","hentry","category-6"],"_links":{"self":[{"href":"https:\/\/www.scmlondon.org\/index.php?rest_route=\/wp\/v2\/posts\/32932","targetHints":{"allow":["GET"]}}],"collection":[{"href":"https:\/\/www.scmlondon.org\/index.php?rest_route=\/wp\/v2\/posts"}],"about":[{"href":"https:\/\/www.scmlondon.org\/index.php?rest_route=\/wp\/v2\/types\/post"}],"author":[{"embeddable":true,"href":"https:\/\/www.scmlondon.org\/index.php?rest_route=\/wp\/v2\/users\/417"}],"replies":[{"embeddable":true,"href":"https:\/\/www.scmlondon.org\/index.php?rest_route=%2Fwp%2Fv2%2Fcomments&post=32932"}],"version-history":[{"count":1,"href":"https:\/\/www.scmlondon.org\/index.php?rest_route=\/wp\/v2\/posts\/32932\/revisions"}],"predecessor-version":[{"id":32934,"href":"https:\/\/www.scmlondon.org\/index.php?rest_route=\/wp\/v2\/posts\/32932\/revisions\/32934"}],"wp:attachment":[{"href":"https:\/\/www.scmlondon.org\/index.php?rest_route=%2Fwp%2Fv2%2Fmedia&parent=32932"}],"wp:term":[{"taxonomy":"category","embeddable":true,"href":"https:\/\/www.scmlondon.org\/index.php?rest_route=%2Fwp%2Fv2%2Fcategories&post=32932"},{"taxonomy":"post_tag","embeddable":true,"href":"https:\/\/www.scmlondon.org\/index.php?rest_route=%2Fwp%2Fv2%2Ftags&post=32932"}],"curies":[{"name":"wp","href":"https:\/\/api.w.org\/{rel}","templated":true}]}}