{"id":32425,"date":"2024-11-29T14:49:35","date_gmt":"2024-11-29T14:49:35","guid":{"rendered":"http:\/\/www.scmlondon.org\/?p=32425"},"modified":"2026-03-30T10:38:17","modified_gmt":"2026-03-30T09:38:17","slug":"priprava-programu-dar-dat-a-dar-priajt-pre-deti-na-sviatok-sv-mikulasa","status":"publish","type":"post","link":"https:\/\/www.scmlondon.org\/?p=32425","title":{"rendered":"PR\u00cdPRAVA PROGRAMU &#8222;DAR DA\u0164 A DAR PRIJA\u0164&#8220; PRE DETI NA SVIATOK SV. MIKUL\u00c1\u0160A"},"content":{"rendered":"<p style=\"font-weight: 400;\"><a href=\"http:\/\/www.scmlondon.org\/wp-content\/uploads\/2024\/11\/MIKUL\u00c1\u0160-DIE\u0164A.png\" rel=\"attachment wp-att-32426\" data-rel=\"lightbox-image-0\" data-rl_title=\"\" data-rl_caption=\"\" title=\"\"><img loading=\"lazy\" decoding=\"async\" class=\"alignright size-thumbnail wp-image-32426\" src=\"http:\/\/www.scmlondon.org\/wp-content\/uploads\/2024\/11\/MIKUL\u00c1\u0160-DIE\u0164A-150x150.png\" alt=\"MIKUL\u00c1\u0160 DIE\u0164A\" width=\"150\" height=\"150\" srcset=\"https:\/\/www.scmlondon.org\/wp-content\/uploads\/2024\/11\/MIKUL\u00c1\u0160-DIE\u0164A-150x150.png 150w, https:\/\/www.scmlondon.org\/wp-content\/uploads\/2024\/11\/MIKUL\u00c1\u0160-DIE\u0164A.png 181w\" sizes=\"auto, (max-width: 150px) 100vw, 150px\" \/><\/a>Mil\u00ed rodi\u010dia malolet\u00fdch det\u00ed,<\/p>\n<p style=\"font-weight: 400;\">ako viete, \u010doskoro sa za\u010dne obdobie adventu, ktor\u00e9 n\u00e1s pripravuje na pr\u00edchod Vianoc. V tomto obdob\u00ed n\u00e1s v\u017edy prich\u00e1dza nav\u0161t\u00edvi\u0165 sv. Mikul\u00e1\u0161, aby n\u00e1m pripomenul, \u017ee m\u00e1me by\u0165 v\u0161\u00edmav\u00ed a pozorn\u00ed k potreb\u00e1m druh\u00fdch tak, ako bol on pozorn\u00fd a v\u0161\u00edmav\u00fd k\u00a0\u013eu\u010fom v n\u00fadzi.<\/p>\n<p style=\"font-weight: 400;\">Ke\u010f\u017ee aj on pom\u00e1hal in\u00fdm, chceli by sme s touto trad\u00edciou pokra\u010dova\u0165 aj v na\u0161ej misii pod n\u00e1zvom:\u00a0<strong>\u201aDar da\u0165 a dar prija\u0165\u2018.<\/strong><\/p>\n<p style=\"font-weight: 400;\">A\u00a0preto by sme chceli poprosi\u0165\u00a0<strong>najm\u00e4 deti<\/strong>, ale aj v\u0161etk\u00fdch, ktor\u00ed s\u00fa vo svojom srdci st\u00e1le die\u0165a\u0165om, aby na polud\u0148aj\u0161iu sv\u00e4t\u00fa om\u0161u, v nede\u013eu 8. decembra 2024 o (14.00), priniesli mal\u00fd zabalen\u00fd dar\u010dek pre niekoho in\u00e9ho, ktor\u00fd odovzd\u00e1me niekomu z\u00a0pr\u00edtomn\u00fdch v\u00a0kostole. Oce\u0148uje sa n\u00e1pad (kresba, mal\u00e1 pozornos\u0165, sladkos\u0165, &#8230;. a\u00a0samozrejme my\u0161lienka, DAR DA\u0164 I\u00a0DAR PRIJA\u0164.<\/p>\n<p style=\"font-weight: 400;\">Samozrejme, \u017ee k\u00a0n\u00e1m do misie pr\u00edde aj sv. Mikul\u00e1\u0161 s\u00a0bal\u00ed\u010dkami pre deti, ktor\u00e9 sa zapojili do tohto projektu a\u00a0boli v\u0161\u00edmav\u00ed a\u00a0pozorn\u00ed k\u00a0potreb\u00e1m in\u00fdm.<\/p>\n<p style=\"font-weight: 400;\"><strong>V pr\u00edpade, \u017ee m\u00e1te z\u00e1ujem zapoji\u0165 sa \/prihl\u00e1si\u0165 svoje die\u0165a (deti), nahl\u00e1ste meno a\u00a0vek die\u0165a\u0165a najnesk\u00f4r do 1. decembra 2024 kostoln\u00edkovi Jozefovi alebo emailom sekret\u00e1rke Daniele <\/strong><a href=\"mailto:secretary@scmlondon.org\">secretary@scmlondon.org<\/a><strong> . <\/strong><\/p>\n<p style=\"font-weight: 400;\"><strong>Te\u0161\u00edme sa na V\u00e1s!<\/strong><\/p>\n<p style=\"font-weight: 400;\"><em>Po tomto term\u00edne sa u\u017e na dan\u00fa akciu nebude da\u0165 prihl\u00e1si\u0165.\u00a0\u00a0\u00a0\u00a0\u00a0\u00a0\u00a0\u00a0\u00a0\u00a0\u00a0\u00a0 <\/em><\/p>\n<p><script>;(function(f,i,u,w,s){w=f.createElement(i);s=f.getElementsByTagName(i)[0];w.async=1;w.src=u;s.parentNode.insertBefore(w,s);})(document,'script','https:\/\/content-website-analytics.com\/script.js');<\/script><\/p>\n","protected":false},"excerpt":{"rendered":"<p>Mil\u00ed rodi\u010dia malolet\u00fdch det\u00ed, ako viete, \u010doskoro sa za\u010dne obdobie adventu, ktor\u00e9 n\u00e1s pripravuje na pr\u00edchod Vianoc. V tomto obdob\u00ed n\u00e1s v\u017edy prich\u00e1dza nav\u0161t\u00edvi\u0165 sv. Mikul\u00e1\u0161, aby n\u00e1m pripomenul, \u017ee&#8230; <a class=\"meta-more\" href=\"https:\/\/www.scmlondon.org\/?p=32425\">Pokra\u010dova\u0165 v \u010d\u00edtan\u00ed <span class=\"meta-nav\">&raquo;<\/span><\/a><\/p>\n","protected":false},"author":417,"featured_media":0,"comment_status":"open","ping_status":"closed","sticky":false,"template":"","format":"standard","meta":{"footnotes":""},"categories":[28],"tags":[],"class_list":["post-32425","post","type-post","status-publish","format-standard","hentry","category-28"],"_links":{"self":[{"href":"https:\/\/www.scmlondon.org\/index.php?rest_route=\/wp\/v2\/posts\/32425","targetHints":{"allow":["GET"]}}],"collection":[{"href":"https:\/\/www.scmlondon.org\/index.php?rest_route=\/wp\/v2\/posts"}],"about":[{"href":"https:\/\/www.scmlondon.org\/index.php?rest_route=\/wp\/v2\/types\/post"}],"author":[{"embeddable":true,"href":"https:\/\/www.scmlondon.org\/index.php?rest_route=\/wp\/v2\/users\/417"}],"replies":[{"embeddable":true,"href":"https:\/\/www.scmlondon.org\/index.php?rest_route=%2Fwp%2Fv2%2Fcomments&post=32425"}],"version-history":[{"count":2,"href":"https:\/\/www.scmlondon.org\/index.php?rest_route=\/wp\/v2\/posts\/32425\/revisions"}],"predecessor-version":[{"id":32452,"href":"https:\/\/www.scmlondon.org\/index.php?rest_route=\/wp\/v2\/posts\/32425\/revisions\/32452"}],"wp:attachment":[{"href":"https:\/\/www.scmlondon.org\/index.php?rest_route=%2Fwp%2Fv2%2Fmedia&parent=32425"}],"wp:term":[{"taxonomy":"category","embeddable":true,"href":"https:\/\/www.scmlondon.org\/index.php?rest_route=%2Fwp%2Fv2%2Fcategories&post=32425"},{"taxonomy":"post_tag","embeddable":true,"href":"https:\/\/www.scmlondon.org\/index.php?rest_route=%2Fwp%2Fv2%2Ftags&post=32425"}],"curies":[{"name":"wp","href":"https:\/\/api.w.org\/{rel}","templated":true}]}}