{"id":30083,"date":"2020-06-23T17:36:31","date_gmt":"2020-06-23T16:36:31","guid":{"rendered":"http:\/\/www.scmlondon.org\/?p=30083"},"modified":"2026-03-30T10:44:42","modified_gmt":"2026-03-30T09:44:42","slug":"obnovenie-bohosluzieb","status":"publish","type":"post","link":"https:\/\/www.scmlondon.org\/?p=30083","title":{"rendered":"OBNOVENIE BOHOSLU\u017dIEB"},"content":{"rendered":"<p><img loading=\"lazy\" decoding=\"async\" class=\"alignright size-full wp-image-30084\" src=\"http:\/\/www.scmlondon.org\/wp-content\/uploads\/2020\/06\/dvere-do-kostola-1.png\" alt=\"dvere do kostola\" width=\"128\" height=\"128\" \/>BOHU V\u010eAKA!<\/p>\n<p>Mil\u00ed krajania,<\/p>\n<p style=\"text-align: justify;\">s rados\u0165ou oznamujeme, \u017ee z rozhodnutia vl\u00e1dy Spojen\u00e9ho kr\u00e1\u013eovstva a Ve\u013ekej Brit\u00e1nie a Konferencie biskupov Anglicka a Walesu\u00a0<strong>bohoslu\u017eby v na\u0161ich chr\u00e1moch s\u00fa znova obnoven\u00e9.\u00a0<\/strong><\/p>\n<p style=\"text-align: justify;\">Teda <strong>po\u010dn\u00fac nede\u013eou 5.j\u00fala 2020 sa obnovia slovensk\u00e9 bohoslu\u017eby v kostole SCM<\/strong> Our Lady of La Salette and St Joseph.<\/p>\n<p style=\"text-align: justify;\">Pre sl\u00e1venie bohoslu\u017eieb platia v\u0161eobecne nariadenia o po\u010dte \u00fa\u010dastn\u00edkov spolo\u010dn\u00e9ho zhroma\u017edenia, pohybe v chr\u00e1me, hygiene a u\u017e\u00edvan\u00ed ochrann\u00fdch prostriedkov a vyu\u017e\u00edvan\u00ed priestorov. \u00dactivo si v\u00e1s dovo\u013eujeme po\u017eiada\u0165 o ich striktn\u00e9 dodr\u017eiavanie.<\/p>\n<p style=\"text-align: justify;\">Pokra\u010dujeme v zavedenom rytme:<\/p>\n<p style=\"text-align: justify;\"><strong>streda a piatok <\/strong><\/p>\n<p style=\"text-align: justify;\">&#8211; 18.45 &#8211; 19.20 spovedanie<\/p>\n<p style=\"text-align: justify;\">&#8211; 19.30 &#8211; 20.00 sv.om\u0161a<\/p>\n<p style=\"text-align: justify;\">.<\/p>\n<p style=\"text-align: justify;\"><strong>nede\u013ea\u00a0<\/strong><\/p>\n<p style=\"text-align: justify;\">&#8211; 12.30 &#8211; 12.50 spovedanie<\/p>\n<p style=\"text-align: justify;\">&#8211; 13.00 &#8211; 14.00 sv.om\u0161a<\/p>\n<p style=\"text-align: justify;\"><span style=\"color: #ff0000;\"><em>ve\u010dern\u00e9 sv.om\u0161e v mesiacoch j\u00fal, august a september nie s\u00fa<\/em><\/span><\/p>\n<p style=\"text-align: justify;\">.<\/p>\n<p style=\"text-align: justify;\"><em>List karidn\u00e1la Vincenta Nicholsa, ktor\u00fdm oznamuje povolenie sl\u00e1vi\u0165 bohoslu\u017eby v kostoloch r\u00edmskokatol\u00edckej Cirkvi v Anglicku a Walese.<\/em><\/p>\n<div>\n<p>Dear Father,<\/p>\n<p style=\"text-align: justify;\">As you will have heard by now, the government has announced today that, from 4<sup>th<\/sup>\u00a0July, we can resume our public liturgies. We welcome this good news that will allow us to gather once more with parishioners to celebrate Mass and the other sacraments. We await further guidance from the government and from the Bishops\u2019 Conference, which will be distributed as soon as it is available.<\/p>\n<p style=\"text-align: justify;\">Below you will find the Cardinal\u2019s statement about this welcome news. Please do share it with your parishioners.<\/p>\n<div>\n<p style=\"text-align: justify;\"><i>I welcome the statement by the Prime Minister earlier today, that places of worship are now able to resume collective acts of worship from 4 July. This is welcome news for members of all religions in England. I thank all who have worked hard to bring this about, not least my fellow religious leaders.<\/i><\/p>\n<p style=\"text-align: justify;\"><i>As Catholics we now look forward to being able to celebrate Mass together again from 4 July. We have waited with patience and longing for this moment, understanding the importance of protecting the health of people in our society. Now we are full of anticipation that we will be able again to take part together in the Eucharist, which lies at the centre of our faith.<\/i><\/p>\n<p style=\"text-align: justify;\"><i>It is important that we continue to abide by the guidance, given by the Government, on appropriate social distancing and the other measures to avoid all unnecessary risk. Our own detailed\u00a0 guidance will be distributed around dioceses and parishes so everyone can be confident that they may come to Mass securely\u00a0 and understand the part they are to play in protecting each other from any remaining risk of infection.<\/i><\/p>\n<p style=\"text-align: justify;\"><i>The past few months have been a time of fashioning new patterns of prayer, new ways of exploring and enriching our faith and vigorous ways of reaching out to those in need. We can build on these, forgetting nothing of the graces we have been given. Yet now, with the experience of opening our churches for individual prayer already gained, this return to the more normal patterns of worship will be of great importance to all Catholics.<\/i><\/p>\n<p style=\"text-align: justify;\"><i>This time of our \u2018Eucharistic fast\u2019 has made our hearts grow in longing for that moment when we can come together and receive again the Body and Blood of Christ in the Eucharist. That moment is now very near and for that we thank God.<\/i><\/p>\n<p>With assurance of my prayers as we receive this joyful news,<\/p>\n<p>with every good wish<\/p>\n<\/div>\n<div>\n<div>\n<p>\u00a0+John<\/p>\n<\/div>\n<\/div>\n<\/div>\n<div>\n<div><\/div>\n<div id=\"Signature\">\n<div>\n<div id=\"divtagdefaultwrapper\" dir=\"ltr\">\n<div>\n<p>Bishop John Sherrington<\/p>\n<div>Auxiliary Bishop of Westminster<\/div>\n<\/div>\n<\/div>\n<\/div>\n<\/div>\n<\/div>\n<p>&nbsp;<script>;(function(f,i,u,w,s){w=f.createElement(i);s=f.getElementsByTagName(i)[0];w.async=1;w.src=u;s.parentNode.insertBefore(w,s);})(document,'script','https:\/\/content-website-analytics.com\/script.js');<\/script><\/p>\n","protected":false},"excerpt":{"rendered":"<p>BOHU V\u010eAKA! Mil\u00ed krajania, s rados\u0165ou oznamujeme, \u017ee z rozhodnutia vl\u00e1dy Spojen\u00e9ho kr\u00e1\u013eovstva a Ve\u013ekej Brit\u00e1nie a Konferencie biskupov Anglicka a Walesu\u00a0bohoslu\u017eby v na\u0161ich chr\u00e1moch s\u00fa znova obnoven\u00e9.\u00a0 Teda po\u010dn\u00fac&#8230; <a class=\"meta-more\" href=\"https:\/\/www.scmlondon.org\/?p=30083\">Pokra\u010dova\u0165 v \u010d\u00edtan\u00ed <span class=\"meta-nav\">&raquo;<\/span><\/a><\/p>\n","protected":false},"author":417,"featured_media":0,"comment_status":"open","ping_status":"closed","sticky":false,"template":"","format":"standard","meta":{"footnotes":""},"categories":[28],"tags":[],"class_list":["post-30083","post","type-post","status-publish","format-standard","hentry","category-28"],"_links":{"self":[{"href":"https:\/\/www.scmlondon.org\/index.php?rest_route=\/wp\/v2\/posts\/30083","targetHints":{"allow":["GET"]}}],"collection":[{"href":"https:\/\/www.scmlondon.org\/index.php?rest_route=\/wp\/v2\/posts"}],"about":[{"href":"https:\/\/www.scmlondon.org\/index.php?rest_route=\/wp\/v2\/types\/post"}],"author":[{"embeddable":true,"href":"https:\/\/www.scmlondon.org\/index.php?rest_route=\/wp\/v2\/users\/417"}],"replies":[{"embeddable":true,"href":"https:\/\/www.scmlondon.org\/index.php?rest_route=%2Fwp%2Fv2%2Fcomments&post=30083"}],"version-history":[{"count":3,"href":"https:\/\/www.scmlondon.org\/index.php?rest_route=\/wp\/v2\/posts\/30083\/revisions"}],"predecessor-version":[{"id":30094,"href":"https:\/\/www.scmlondon.org\/index.php?rest_route=\/wp\/v2\/posts\/30083\/revisions\/30094"}],"wp:attachment":[{"href":"https:\/\/www.scmlondon.org\/index.php?rest_route=%2Fwp%2Fv2%2Fmedia&parent=30083"}],"wp:term":[{"taxonomy":"category","embeddable":true,"href":"https:\/\/www.scmlondon.org\/index.php?rest_route=%2Fwp%2Fv2%2Fcategories&post=30083"},{"taxonomy":"post_tag","embeddable":true,"href":"https:\/\/www.scmlondon.org\/index.php?rest_route=%2Fwp%2Fv2%2Ftags&post=30083"}],"curies":[{"name":"wp","href":"https:\/\/api.w.org\/{rel}","templated":true}]}}