{"id":23588,"date":"2017-05-14T11:59:34","date_gmt":"2017-05-14T10:59:34","guid":{"rendered":"http:\/\/www.scmlondon.org\/?p=23588"},"modified":"2017-06-04T18:07:52","modified_gmt":"2017-06-04T17:07:52","slug":"pozvanka-k-medzinarodnemu-dnu-deti","status":"publish","type":"post","link":"https:\/\/www.scmlondon.org\/?p=23588","title":{"rendered":"ZRU\u0160ENIE PODUJATIA K MEDZIN\u00c1RODN\u00c9MU D\u0147U DET\u00cd"},"content":{"rendered":"<p style=\"text-align: justify;\">\n<p style=\"text-align: justify;\"><em><img loading=\"lazy\" decoding=\"async\" class=\"alignright size-thumbnail wp-image-23638\" src=\"http:\/\/www.scmlondon.org\/wp-content\/uploads\/2017\/05\/MDD-1-150x150.jpg\" alt=\"MDD\" width=\"150\" height=\"150\" srcset=\"https:\/\/www.scmlondon.org\/wp-content\/uploads\/2017\/05\/MDD-1-150x150.jpg 150w, https:\/\/www.scmlondon.org\/wp-content\/uploads\/2017\/05\/MDD-1-144x144.jpg 144w\" sizes=\"auto, (max-width: 150px) 100vw, 150px\" \/>Mil\u00e9 deti, rodi\u010dia a priatelia SCM, radi by sme V\u00e1s pozvali na pris\u013e\u00faben\u00fa oslavu Medzin\u00e1rodn\u00e9ho d\u0148a det\u00ed, ale zo strany poskytovate\u013ea priestoru do\u0161lo k\u00a0odst\u00fapeniu od dohody a\u00a0potvrden\u00e9ho term\u00ednu, ktor\u00fd bol stanoven\u00fd na sobotu 10. j\u00fana 2017. <\/em><\/p>\n<p style=\"text-align: justify;\"><em>Z\u00a0uveden\u00e9ho d\u00f4vodu v\u00a0tomto \u010dase u\u017e nie sme t.r. schopn\u00ed zabezpe\u010di\u0165 primeran\u00e9 priestory pre podujatie s\u00a0de\u0165mi. <\/em><\/p>\n<p style=\"text-align: justify;\"><em>Pre bud\u00facnos\u0165 v\u017edy uv\u00edtame, ak m\u00e1te mo\u017enos\u0165 zabezpe\u010di\u0165 priestory pre komunitn\u00e9 podujatia, keby ste informovali Farsk\u00fa radu alebo duchovn\u00e9ho spr\u00e1vcu misie. V\u017edy uv\u00edtame va\u0161u aktivitu, \u010di anga\u017eovanos\u0165 v\u00a0prospech \u010dlenov a\u00a0podujat\u00ed SCM.<\/em><\/p>\n","protected":false},"excerpt":{"rendered":"<p>Mil\u00e9 deti, rodi\u010dia a priatelia SCM, radi by sme V\u00e1s pozvali na pris\u013e\u00faben\u00fa oslavu Medzin\u00e1rodn\u00e9ho d\u0148a det\u00ed, ale zo strany poskytovate\u013ea priestoru do\u0161lo k\u00a0odst\u00fapeniu od dohody a\u00a0potvrden\u00e9ho term\u00ednu, ktor\u00fd bol&#8230; <a class=\"meta-more\" href=\"https:\/\/www.scmlondon.org\/?p=23588\">Pokra\u010dova\u0165 v \u010d\u00edtan\u00ed <span class=\"meta-nav\">&raquo;<\/span><\/a><\/p>\n","protected":false},"author":417,"featured_media":0,"comment_status":"open","ping_status":"closed","sticky":false,"template":"","format":"standard","meta":{"footnotes":""},"categories":[28],"tags":[],"class_list":["post-23588","post","type-post","status-publish","format-standard","hentry","category-28"],"_links":{"self":[{"href":"https:\/\/www.scmlondon.org\/index.php?rest_route=\/wp\/v2\/posts\/23588","targetHints":{"allow":["GET"]}}],"collection":[{"href":"https:\/\/www.scmlondon.org\/index.php?rest_route=\/wp\/v2\/posts"}],"about":[{"href":"https:\/\/www.scmlondon.org\/index.php?rest_route=\/wp\/v2\/types\/post"}],"author":[{"embeddable":true,"href":"https:\/\/www.scmlondon.org\/index.php?rest_route=\/wp\/v2\/users\/417"}],"replies":[{"embeddable":true,"href":"https:\/\/www.scmlondon.org\/index.php?rest_route=%2Fwp%2Fv2%2Fcomments&post=23588"}],"version-history":[{"count":5,"href":"https:\/\/www.scmlondon.org\/index.php?rest_route=\/wp\/v2\/posts\/23588\/revisions"}],"predecessor-version":[{"id":23680,"href":"https:\/\/www.scmlondon.org\/index.php?rest_route=\/wp\/v2\/posts\/23588\/revisions\/23680"}],"wp:attachment":[{"href":"https:\/\/www.scmlondon.org\/index.php?rest_route=%2Fwp%2Fv2%2Fmedia&parent=23588"}],"wp:term":[{"taxonomy":"category","embeddable":true,"href":"https:\/\/www.scmlondon.org\/index.php?rest_route=%2Fwp%2Fv2%2Fcategories&post=23588"},{"taxonomy":"post_tag","embeddable":true,"href":"https:\/\/www.scmlondon.org\/index.php?rest_route=%2Fwp%2Fv2%2Ftags&post=23588"}],"curies":[{"name":"wp","href":"https:\/\/api.w.org\/{rel}","templated":true}]}}