{"id":22398,"date":"2016-10-29T17:05:31","date_gmt":"2016-10-29T16:05:31","guid":{"rendered":"http:\/\/www.scmlondon.org\/?p=22398"},"modified":"2016-11-03T23:05:19","modified_gmt":"2016-11-03T23:05:19","slug":"stretnutie-krajanov-v-peterborough-8","status":"publish","type":"post","link":"https:\/\/www.scmlondon.org\/?p=22398","title":{"rendered":"STRETNUTIE KRAJANOV V PETERBOROUGH"},"content":{"rendered":"<p><img loading=\"lazy\" decoding=\"async\" class=\"alignright size-thumbnail wp-image-22488\" src=\"http:\/\/www.scmlondon.org\/wp-content\/uploads\/2016\/10\/stlukes2-4-150x150.jpg\" alt=\"stlukes2\" width=\"150\" height=\"150\" srcset=\"https:\/\/www.scmlondon.org\/wp-content\/uploads\/2016\/10\/stlukes2-4-150x150.jpg 150w, https:\/\/www.scmlondon.org\/wp-content\/uploads\/2016\/10\/stlukes2-4-144x144.jpg 144w\" sizes=\"auto, (max-width: 150px) 100vw, 150px\" \/>Pozdrav krajanom v okol\u00ed Peterborough.<\/p>\n<p style=\"text-align: justify;\"><strong>Slovensk\u00e1 katol\u00edcka misia v Lond\u00fdne, v zast\u00fapen\u00ed jej duchovn\u00e9ho spr\u00e1vcu Rev. Tibora Borovsk\u00e9ho a predsedu Farskej rady (FR) v Peterborough p.\u00a0 Martina Palugu a \u010dlena FR Tom\u00e1\u0161a\u00a0 \u010cajku, si v\u00e1s dovo\u013euj\u00fa srde\u010dne pozva\u0165 na stretnutie krajanov pri P\u00e1novom olt\u00e1ri v Peterborough v kostole St Luke na 26 Benyon Grove, PE2 5XS. \u010eal\u0161ia d\u00e1vka pr\u00edjemn\u00e9ho povzbudenia <strong>i z\u00e1palu do \u017eivota <\/strong>cez Bo\u017eie slovo a spolo\u010denstvo, ktor\u00e9 vytvor\u00edme, sa uskuto\u010dn\u00ed d\u0148a 19. novembra 2016 (sobota) o 15.30 hod. Budeme sl\u00e1vi\u0165 sv\u00e4t\u00fa om\u0161u z 34. nedele v obdob\u00ed cez rok, \u010do je sl\u00e1vnos\u0165 Krista Kr\u00e1\u013ea a z\u00e1rove\u0148 posledn\u00e1 nede\u013ea v obdob\u00ed cez rok. <\/strong><\/p>\n<p style=\"text-align: justify;\"><strong>M\u00f4\u017eete si prinies\u0165 aj vyhotoven\u00e9 adventn\u00e9 vence, pr\u00edpadne adventn\u00e9 sviece na po\u017eehnanie. <img loading=\"lazy\" decoding=\"async\" class=\"alignright size-thumbnail wp-image-22487\" src=\"http:\/\/www.scmlondon.org\/wp-content\/uploads\/2016\/10\/adventn\u00fd-veniec-1-150x150.jpg\" alt=\"adventn\u00fd veniec 1\" width=\"150\" height=\"150\" srcset=\"https:\/\/www.scmlondon.org\/wp-content\/uploads\/2016\/10\/adventn\u00fd-veniec-1-150x150.jpg 150w, https:\/\/www.scmlondon.org\/wp-content\/uploads\/2016\/10\/adventn\u00fd-veniec-1-144x144.jpg 144w\" sizes=\"auto, (max-width: 150px) 100vw, 150px\" \/><\/strong><\/p>\n<p style=\"text-align: justify;\">Ve\u013emi by bolo pote\u0161uj\u00face, keby sme mohli za\u010da\u0165 na\u010das. Pre potreby kaj\u00facnikov bude k\u0148az k dispoz\u00edcii od 14.00 hod.<\/p>\n<p style=\"text-align: justify;\">Ak uv\u00e1\u017eite, ze by bolo va\u0161ou rados\u0165ou i drobn\u00e9 pohostenie ostatn\u00fdch, isto to pr\u00edtomn\u00ed ocenia.<\/p>\n<p style=\"text-align: justify;\">Pozvite aj svojich priate\u013eov a zn\u00e1mych. Sme jedna duchovn\u00e1 i krajansk\u00e1 rodina, pre ka\u017ed\u00e9ho je miesto a je v\u00edtan\u00fd i o\u010dak\u00e1van\u00fd. Nech nikoho miesto v chr\u00e1me nezostane pr\u00e1zdne.<\/p>\n<p>S pozdravom pokoja a s rados\u0165ou v srdci o\u010dak\u00e1vaj\u00faci dary milosti od Boha i skrze v\u00e1s<\/p>\n<p>Fr Tibor Borovsk\u00fd, duchovn\u00fd spr\u00e1vca SCM v Lond\u00fdne<br \/>\na<br \/>\nMartin Paluga, predseda Farskej rady a Tom\u00e1\u0161 \u010cajka, \u010dlen FR<\/p>\n<p><img loading=\"lazy\" decoding=\"async\" class=\"aligncenter wp-image-22481 size-large\" src=\"http:\/\/www.scmlondon.org\/wp-content\/uploads\/2016\/10\/SK-Sv.omsa-2016-739x1024.jpg\" alt=\"SK Sv.omsa 2016\" width=\"739\" height=\"1024\" srcset=\"https:\/\/www.scmlondon.org\/wp-content\/uploads\/2016\/10\/SK-Sv.omsa-2016-739x1024.jpg 739w, https:\/\/www.scmlondon.org\/wp-content\/uploads\/2016\/10\/SK-Sv.omsa-2016-216x300.jpg 216w, https:\/\/www.scmlondon.org\/wp-content\/uploads\/2016\/10\/SK-Sv.omsa-2016-768x1065.jpg 768w\" sizes=\"auto, (max-width: 739px) 100vw, 739px\" \/><\/p>\n","protected":false},"excerpt":{"rendered":"<p>Pozdrav krajanom v okol\u00ed Peterborough. Slovensk\u00e1 katol\u00edcka misia v Lond\u00fdne, v zast\u00fapen\u00ed jej duchovn\u00e9ho spr\u00e1vcu Rev. Tibora Borovsk\u00e9ho a predsedu Farskej rady (FR) v Peterborough p.\u00a0 Martina Palugu a \u010dlena&#8230; <a class=\"meta-more\" href=\"https:\/\/www.scmlondon.org\/?p=22398\">Pokra\u010dova\u0165 v \u010d\u00edtan\u00ed <span class=\"meta-nav\">&raquo;<\/span><\/a><\/p>\n","protected":false},"author":417,"featured_media":0,"comment_status":"open","ping_status":"closed","sticky":false,"template":"","format":"standard","meta":{"footnotes":""},"categories":[28],"tags":[],"class_list":["post-22398","post","type-post","status-publish","format-standard","hentry","category-28"],"_links":{"self":[{"href":"https:\/\/www.scmlondon.org\/index.php?rest_route=\/wp\/v2\/posts\/22398","targetHints":{"allow":["GET"]}}],"collection":[{"href":"https:\/\/www.scmlondon.org\/index.php?rest_route=\/wp\/v2\/posts"}],"about":[{"href":"https:\/\/www.scmlondon.org\/index.php?rest_route=\/wp\/v2\/types\/post"}],"author":[{"embeddable":true,"href":"https:\/\/www.scmlondon.org\/index.php?rest_route=\/wp\/v2\/users\/417"}],"replies":[{"embeddable":true,"href":"https:\/\/www.scmlondon.org\/index.php?rest_route=%2Fwp%2Fv2%2Fcomments&post=22398"}],"version-history":[{"count":6,"href":"https:\/\/www.scmlondon.org\/index.php?rest_route=\/wp\/v2\/posts\/22398\/revisions"}],"predecessor-version":[{"id":22489,"href":"https:\/\/www.scmlondon.org\/index.php?rest_route=\/wp\/v2\/posts\/22398\/revisions\/22489"}],"wp:attachment":[{"href":"https:\/\/www.scmlondon.org\/index.php?rest_route=%2Fwp%2Fv2%2Fmedia&parent=22398"}],"wp:term":[{"taxonomy":"category","embeddable":true,"href":"https:\/\/www.scmlondon.org\/index.php?rest_route=%2Fwp%2Fv2%2Fcategories&post=22398"},{"taxonomy":"post_tag","embeddable":true,"href":"https:\/\/www.scmlondon.org\/index.php?rest_route=%2Fwp%2Fv2%2Ftags&post=22398"}],"curies":[{"name":"wp","href":"https:\/\/api.w.org\/{rel}","templated":true}]}}