{"id":22262,"date":"2016-09-17T23:02:28","date_gmt":"2016-09-17T22:02:28","guid":{"rendered":"http:\/\/www.scmlondon.org\/?p=22262"},"modified":"2016-09-17T23:02:28","modified_gmt":"2016-09-17T22:02:28","slug":"stretnutie-so-zaujemcami-o-pripravu-k-birmovke-resp-sviatosti-krestanskej-iniciacie","status":"publish","type":"post","link":"https:\/\/www.scmlondon.org\/?p=22262","title":{"rendered":"STRETNUTIE SO Z\u00c1UJEMCAMI O PR\u00cdPRAVU K BIRMOVKE (resp sviatosti kres\u0165anskej inici\u00e1cie)"},"content":{"rendered":"<p><a href=\"http:\/\/www.scmlondon.org\/wp-content\/uploads\/2016\/09\/Duch-sv\u00e4t\u00fd-ohe\u0148.jpg\" rel=\"attachment wp-att-22263\" data-rel=\"lightbox-image-0\" data-rl_title=\"\" data-rl_caption=\"\" title=\"\"><img loading=\"lazy\" decoding=\"async\" class=\"alignright size-thumbnail wp-image-22263\" src=\"http:\/\/www.scmlondon.org\/wp-content\/uploads\/2016\/09\/Duch-sv\u00e4t\u00fd-ohe\u0148-150x150.jpg\" alt=\"Duch sv\u00e4t\u00fd - ohe\u0148\" width=\"150\" height=\"150\" srcset=\"https:\/\/www.scmlondon.org\/wp-content\/uploads\/2016\/09\/Duch-sv\u00e4t\u00fd-ohe\u0148-150x150.jpg 150w, https:\/\/www.scmlondon.org\/wp-content\/uploads\/2016\/09\/Duch-sv\u00e4t\u00fd-ohe\u0148-144x144.jpg 144w\" sizes=\"auto, (max-width: 150px) 100vw, 150px\" \/><\/a><\/p>\n<p style=\"text-align: justify;\">SCM poz\u00fdva z\u00e1ujemcov \u2013 dospel\u00fdch a\u00a0dospievaj\u00facich (<em>od 15.roku \u017eivota<\/em>), ktor\u00ed sa prihl\u00e1sili k\u00a0pr\u00edprave k\u00a0sviatostiam kres\u0165anskej inici\u00e1cie (<em>krst, 1.sv.prij\u00edmanie a\u00a0birmovka<\/em>) alebo sa e\u0161te chc\u00fa prihl\u00e1si\u0165 (<em>maj\u00fa posledn\u00fa pr\u00edle\u017eitos\u0165 urobi\u0165 tak tento t\u00fd\u017ede\u0148 do piatku<\/em> <em>prostredn\u00edctvom emailu info@scmlondon.org<\/em>), na stretnutie v\u00a0piatok 23.09.2016 o\u00a019.30 hod. v\u00a0kancel\u00e1rii SCM.<\/p>\n","protected":false},"excerpt":{"rendered":"<p>SCM poz\u00fdva z\u00e1ujemcov \u2013 dospel\u00fdch a\u00a0dospievaj\u00facich (od 15.roku \u017eivota), ktor\u00ed sa prihl\u00e1sili k\u00a0pr\u00edprave k\u00a0sviatostiam kres\u0165anskej inici\u00e1cie (krst, 1.sv.prij\u00edmanie a\u00a0birmovka) alebo sa e\u0161te chc\u00fa prihl\u00e1si\u0165 (maj\u00fa posledn\u00fa pr\u00edle\u017eitos\u0165 urobi\u0165 tak tento&#8230; <a class=\"meta-more\" href=\"https:\/\/www.scmlondon.org\/?p=22262\">Pokra\u010dova\u0165 v \u010d\u00edtan\u00ed <span class=\"meta-nav\">&raquo;<\/span><\/a><\/p>\n","protected":false},"author":417,"featured_media":0,"comment_status":"open","ping_status":"closed","sticky":false,"template":"","format":"standard","meta":{"footnotes":""},"categories":[28],"tags":[],"class_list":["post-22262","post","type-post","status-publish","format-standard","hentry","category-28"],"_links":{"self":[{"href":"https:\/\/www.scmlondon.org\/index.php?rest_route=\/wp\/v2\/posts\/22262","targetHints":{"allow":["GET"]}}],"collection":[{"href":"https:\/\/www.scmlondon.org\/index.php?rest_route=\/wp\/v2\/posts"}],"about":[{"href":"https:\/\/www.scmlondon.org\/index.php?rest_route=\/wp\/v2\/types\/post"}],"author":[{"embeddable":true,"href":"https:\/\/www.scmlondon.org\/index.php?rest_route=\/wp\/v2\/users\/417"}],"replies":[{"embeddable":true,"href":"https:\/\/www.scmlondon.org\/index.php?rest_route=%2Fwp%2Fv2%2Fcomments&post=22262"}],"version-history":[{"count":1,"href":"https:\/\/www.scmlondon.org\/index.php?rest_route=\/wp\/v2\/posts\/22262\/revisions"}],"predecessor-version":[{"id":22264,"href":"https:\/\/www.scmlondon.org\/index.php?rest_route=\/wp\/v2\/posts\/22262\/revisions\/22264"}],"wp:attachment":[{"href":"https:\/\/www.scmlondon.org\/index.php?rest_route=%2Fwp%2Fv2%2Fmedia&parent=22262"}],"wp:term":[{"taxonomy":"category","embeddable":true,"href":"https:\/\/www.scmlondon.org\/index.php?rest_route=%2Fwp%2Fv2%2Fcategories&post=22262"},{"taxonomy":"post_tag","embeddable":true,"href":"https:\/\/www.scmlondon.org\/index.php?rest_route=%2Fwp%2Fv2%2Ftags&post=22262"}],"curies":[{"name":"wp","href":"https:\/\/api.w.org\/{rel}","templated":true}]}}