{"id":21778,"date":"2016-06-05T17:28:18","date_gmt":"2016-06-05T16:28:18","guid":{"rendered":"http:\/\/www.scmlondon.org\/?p=21778"},"modified":"2016-06-30T12:50:07","modified_gmt":"2016-06-30T11:50:07","slug":"apostolsky-nuncius-v-londyne-arcibiskup-mennini-bude-celebrovat-slavnostnu-svatu-omsu-na-sviatok-sv-cyrila-a-metoda","status":"publish","type":"post","link":"https:\/\/www.scmlondon.org\/?p=21778","title":{"rendered":"Apo\u0161tolsk\u00fd nuncius v Lond\u00fdne, arcibiskup Mennini, bude celebrova\u0165 sl\u00e1vnostn\u00fa sv\u00e4t\u00fa om\u0161u na sviatok sv. Cyrila a Metoda"},"content":{"rendered":"<p style=\"text-align: justify;\"><a href=\"http:\/\/www.scmlondon.org\/wp-content\/uploads\/2016\/06\/Antonio_Mennini.jpg\" rel=\"attachment wp-att-21779\" data-rel=\"lightbox-image-0\" data-rl_title=\"\" data-rl_caption=\"\" title=\"\"><img loading=\"lazy\" decoding=\"async\" class=\"alignright size-thumbnail wp-image-21779\" src=\"http:\/\/www.scmlondon.org\/wp-content\/uploads\/2016\/06\/Antonio_Mennini-150x150.jpg\" alt=\"Antonio_Mennini\" width=\"150\" height=\"150\" srcset=\"https:\/\/www.scmlondon.org\/wp-content\/uploads\/2016\/06\/Antonio_Mennini-150x150.jpg 150w, https:\/\/www.scmlondon.org\/wp-content\/uploads\/2016\/06\/Antonio_Mennini-144x144.jpg 144w\" sizes=\"auto, (max-width: 150px) 100vw, 150px\" \/><\/a><br \/>\nMil\u00ed krajania, drah\u00ed priatelia,<\/p>\n<p style=\"text-align: justify;\">Slovensk\u00e1 katol\u00edcka misia v Lond\u00fdne poz\u00fdva v\u0161etk\u00fdch na sl\u00e1venie sviatku na\u0161ich n\u00e1rodn\u00fdch patr\u00f3nov a spolupatr\u00f3nov Eur\u00f3py, sv\u00e4t\u00fdch Cyrila a\u00a0Metoda, d\u0148a <strong>3. j\u00fala 2016 (nede\u013ea) <strong>v\u00a0kostole Our Lady of La Salette and St Joseph, na 14 Melior Street v Lond\u00fdne (SE1 3QP). Sl\u00e1vnostn\u00e1 sv. om\u0161a bude o\u00a013.00 hod.<\/strong><\/strong><\/p>\n<p style=\"text-align: justify;\">Sv\u00e4t\u00fa om\u0161u bude celebrova\u0165 apo\u0161tolsk\u00fd nuncius vo Ve\u013ekej Brit\u00e1nii Mons. Antonio Mennini, arcibiskup Ferentia. Pr\u00edtomn\u00ed bud\u00fa aj \u010fal\u0161\u00ed hostia: op\u00e1t benedikt\u00ednskeho kl\u00e1\u0161tora vo Farnborough Dom Cuthbert Brogan, k\u0148azi zahrani\u010dn\u00fdch misi\u00ed v Lond\u00fdne, \u010dlenovia diplomatick\u00e9ho zboru vo Ve\u013ekej Brit\u00e1nii a \u010fal\u0161\u00ed hostia.<\/p>\n<p style=\"text-align: justify;\">Sv\u00e4t\u00e1 om\u0161a a n\u00e1sledn\u00e1 recepcia pre pozvan\u00fdch host\u00ed je tie\u017e prezent\u00e1ciou krajiny, jej kult\u00farneho a duchovn\u00e9ho dedi\u010dstva a bohatstva, aj pri pr\u00edle\u017eitosti za\u010diatku predsedn\u00edctva Slovenskej republiky v Rade Eur\u00f3pskej \u00fanie.<\/p>\n<p style=\"text-align: justify;\">Hos\u0165ami s\u00fa:<\/p>\n<p><strong>The Right Reverend Antonio Mennini, Titular Archbishop of Ferentium, Apostolic Nuncio in Great Britain<br \/>\nThe Right Reverend Don Cuthbert Brogan, OSB, Abbot of Monastery at Farnborough<br \/>\nThe Canon Michael Cooley, Parish Priest of the Church of Our Lady of La Salette and St Joseph, London<br \/>\nThe Reverend Ionel Ciceu, Ethnic Chaplain for Hungarian Community, London<br \/>\nThe Reverend Karol Miklo\u0161ko, Work of Jesus the High Priest, Rome<br \/>\nDon Peter Pag\u00e1\u010d, SDB, Parochial Administrator, Sacred Heart Parish, Battersea, London<br \/>\nDon J\u00e1n Fabi\u00e1n, SDB, Chaplain to High School in Bardejov, Slovakia<br \/>\nThe Reverend Peter Kuri\u0161ko, Chaplain to University Pastoral Centre, Ko\u0161ice, Slovakia<br \/>\nDon Michael Vician, OSB, Monk of Monastery at Farnborough<\/strong><\/p>\n<p style=\"text-align: justify;\">Pr\u00ed\u010fte, mil\u00ed krajania a priatelia, osl\u00e1vi\u0165 na\u0161ich vierozvestov a preh\u013abi\u0165 v sebe dedi\u010dstvo na\u0161ich otcov sv. Cyrila a Metoda &#8211; vernos\u0165 Bohu, jednotu vo viere a poslu\u0161nos\u0165 Sv\u00e4t\u00e9mu Otcovi v spolo\u010denstve Cirkvi.\u200b<\/p>\n<p>&nbsp;<\/p>\n","protected":false},"excerpt":{"rendered":"<p>Mil\u00ed krajania, drah\u00ed priatelia, Slovensk\u00e1 katol\u00edcka misia v Lond\u00fdne poz\u00fdva v\u0161etk\u00fdch na sl\u00e1venie sviatku na\u0161ich n\u00e1rodn\u00fdch patr\u00f3nov a spolupatr\u00f3nov Eur\u00f3py, sv\u00e4t\u00fdch Cyrila a\u00a0Metoda, d\u0148a 3. j\u00fala 2016 (nede\u013ea) v\u00a0kostole Our&#8230; <a class=\"meta-more\" href=\"https:\/\/www.scmlondon.org\/?p=21778\">Pokra\u010dova\u0165 v \u010d\u00edtan\u00ed <span class=\"meta-nav\">&raquo;<\/span><\/a><\/p>\n","protected":false},"author":417,"featured_media":0,"comment_status":"open","ping_status":"closed","sticky":false,"template":"","format":"standard","meta":{"footnotes":""},"categories":[28],"tags":[],"class_list":["post-21778","post","type-post","status-publish","format-standard","hentry","category-28"],"_links":{"self":[{"href":"https:\/\/www.scmlondon.org\/index.php?rest_route=\/wp\/v2\/posts\/21778","targetHints":{"allow":["GET"]}}],"collection":[{"href":"https:\/\/www.scmlondon.org\/index.php?rest_route=\/wp\/v2\/posts"}],"about":[{"href":"https:\/\/www.scmlondon.org\/index.php?rest_route=\/wp\/v2\/types\/post"}],"author":[{"embeddable":true,"href":"https:\/\/www.scmlondon.org\/index.php?rest_route=\/wp\/v2\/users\/417"}],"replies":[{"embeddable":true,"href":"https:\/\/www.scmlondon.org\/index.php?rest_route=%2Fwp%2Fv2%2Fcomments&post=21778"}],"version-history":[{"count":13,"href":"https:\/\/www.scmlondon.org\/index.php?rest_route=\/wp\/v2\/posts\/21778\/revisions"}],"predecessor-version":[{"id":21896,"href":"https:\/\/www.scmlondon.org\/index.php?rest_route=\/wp\/v2\/posts\/21778\/revisions\/21896"}],"wp:attachment":[{"href":"https:\/\/www.scmlondon.org\/index.php?rest_route=%2Fwp%2Fv2%2Fmedia&parent=21778"}],"wp:term":[{"taxonomy":"category","embeddable":true,"href":"https:\/\/www.scmlondon.org\/index.php?rest_route=%2Fwp%2Fv2%2Fcategories&post=21778"},{"taxonomy":"post_tag","embeddable":true,"href":"https:\/\/www.scmlondon.org\/index.php?rest_route=%2Fwp%2Fv2%2Ftags&post=21778"}],"curies":[{"name":"wp","href":"https:\/\/api.w.org\/{rel}","templated":true}]}}