{"id":21601,"date":"2016-04-19T22:42:34","date_gmt":"2016-04-19T21:42:34","guid":{"rendered":"http:\/\/www.scmlondon.org\/?p=21601"},"modified":"2016-04-19T22:42:50","modified_gmt":"2016-04-19T21:42:50","slug":"omsa-migrantov-vo-westminsterskej-katedrale","status":"publish","type":"post","link":"https:\/\/www.scmlondon.org\/?p=21601","title":{"rendered":"Om\u0161a migrantov vo Westminsterskej katedr\u00e1le"},"content":{"rendered":"<p><a href=\"http:\/\/www.scmlondon.org\/wp-content\/uploads\/2016\/04\/westmisnter-cathedral-1.jpg\" rel=\"attachment wp-att-21604\" data-rel=\"lightbox-image-0\" data-rl_title=\"\" data-rl_caption=\"\" title=\"\"><img loading=\"lazy\" decoding=\"async\" class=\"alignright size-thumbnail wp-image-21604\" src=\"http:\/\/www.scmlondon.org\/wp-content\/uploads\/2016\/04\/westmisnter-cathedral-1-150x150.jpg\" alt=\"westmisnter cathedral\" width=\"150\" height=\"150\" srcset=\"https:\/\/www.scmlondon.org\/wp-content\/uploads\/2016\/04\/westmisnter-cathedral-1-150x150.jpg 150w, https:\/\/www.scmlondon.org\/wp-content\/uploads\/2016\/04\/westmisnter-cathedral-1-144x144.jpg 144w\" sizes=\"auto, (max-width: 150px) 100vw, 150px\" \/><\/a><\/p>\n<p>Drah\u00ed priatelia,<\/p>\n<p style=\"text-align: justify;\">op\u00e4\u0165 po roku na sviatok sv. Jozefa Robotn\u00edka arcidiec\u00e9za Westminster poz\u00fdva na spolo\u010dn\u00fa sv. om\u0161u vo westminsterskej katedr\u00e1le v utorok 2. m\u00e1ja 2016 o 10.30 am. Sv. om\u0161i bude prech\u00e1dza\u0165 od 10.00 am procesia so \u0161tandardami jednotliv\u00fdch etnick\u00fdch a modlitbov\u00fdch skup\u00edn.<\/p>\n<p>Srde\u010dne v\u00e1s poz\u00fdvame na t\u00fato spolo\u010dn\u00fa om\u0161u migrantov.<\/p>\n<p><a href=\"http:\/\/www.scmlondon.org\/wp-content\/uploads\/2016\/04\/Migrant-Mass-Poster-2016.pdf\" rel=\"\">Migrant Mass Poster 2016<\/a><\/p>\n","protected":false},"excerpt":{"rendered":"<p>Drah\u00ed priatelia, op\u00e4\u0165 po roku na sviatok sv. Jozefa Robotn\u00edka arcidiec\u00e9za Westminster poz\u00fdva na spolo\u010dn\u00fa sv. om\u0161u vo westminsterskej katedr\u00e1le v utorok 2. m\u00e1ja 2016 o 10.30 am. Sv. om\u0161i&#8230; <a class=\"meta-more\" href=\"https:\/\/www.scmlondon.org\/?p=21601\">Pokra\u010dova\u0165 v \u010d\u00edtan\u00ed <span class=\"meta-nav\">&raquo;<\/span><\/a><\/p>\n","protected":false},"author":417,"featured_media":0,"comment_status":"open","ping_status":"closed","sticky":false,"template":"","format":"standard","meta":{"footnotes":""},"categories":[28],"tags":[],"class_list":["post-21601","post","type-post","status-publish","format-standard","hentry","category-28"],"_links":{"self":[{"href":"https:\/\/www.scmlondon.org\/index.php?rest_route=\/wp\/v2\/posts\/21601","targetHints":{"allow":["GET"]}}],"collection":[{"href":"https:\/\/www.scmlondon.org\/index.php?rest_route=\/wp\/v2\/posts"}],"about":[{"href":"https:\/\/www.scmlondon.org\/index.php?rest_route=\/wp\/v2\/types\/post"}],"author":[{"embeddable":true,"href":"https:\/\/www.scmlondon.org\/index.php?rest_route=\/wp\/v2\/users\/417"}],"replies":[{"embeddable":true,"href":"https:\/\/www.scmlondon.org\/index.php?rest_route=%2Fwp%2Fv2%2Fcomments&post=21601"}],"version-history":[{"count":2,"href":"https:\/\/www.scmlondon.org\/index.php?rest_route=\/wp\/v2\/posts\/21601\/revisions"}],"predecessor-version":[{"id":21606,"href":"https:\/\/www.scmlondon.org\/index.php?rest_route=\/wp\/v2\/posts\/21601\/revisions\/21606"}],"wp:attachment":[{"href":"https:\/\/www.scmlondon.org\/index.php?rest_route=%2Fwp%2Fv2%2Fmedia&parent=21601"}],"wp:term":[{"taxonomy":"category","embeddable":true,"href":"https:\/\/www.scmlondon.org\/index.php?rest_route=%2Fwp%2Fv2%2Fcategories&post=21601"},{"taxonomy":"post_tag","embeddable":true,"href":"https:\/\/www.scmlondon.org\/index.php?rest_route=%2Fwp%2Fv2%2Ftags&post=21601"}],"curies":[{"name":"wp","href":"https:\/\/api.w.org\/{rel}","templated":true}]}}