{"id":20720,"date":"2015-10-25T14:18:28","date_gmt":"2015-10-25T14:18:28","guid":{"rendered":"http:\/\/www.scmlondon.org\/?p=20720"},"modified":"2015-11-15T22:53:42","modified_gmt":"2015-11-15T22:53:42","slug":"pokracovanie-kreativnych-stretnuti","status":"publish","type":"post","link":"https:\/\/www.scmlondon.org\/?p=20720","title":{"rendered":"Pokra\u010dovanie kreat\u00edvnych stretnut\u00ed"},"content":{"rendered":"<p><a href=\"http:\/\/www.scmlondon.org\/wp-content\/uploads\/2015\/11\/kreativita.jpg\" data-rel=\"lightbox-image-0\" data-rl_title=\"\" data-rl_caption=\"\" title=\"\"><img loading=\"lazy\" decoding=\"async\" class=\"alignright size-thumbnail wp-image-20721\" alt=\"kreativita\" src=\"http:\/\/www.scmlondon.org\/wp-content\/uploads\/2015\/11\/kreativita-150x150.jpg\" width=\"150\" height=\"150\" srcset=\"https:\/\/www.scmlondon.org\/wp-content\/uploads\/2015\/11\/kreativita-150x150.jpg 150w, https:\/\/www.scmlondon.org\/wp-content\/uploads\/2015\/11\/kreativita-144x144.jpg 144w\" sizes=\"auto, (max-width: 150px) 100vw, 150px\" \/><\/a>SCM by sa rada prezentova\u0165 a informova\u0165 svojich \u010dlenov, n\u00e1v\u0161tevn\u00edkov a host\u00ed o jej \u010dinnosti, mo\u017enostiach i potreb\u00e1ch. Preto \u0165a poz\u00fdva na kreat\u00edvne stretnutia.<br \/>\nRadi by sme vytvorili aj pamiatky, pozdravy, reprezenta\u010dn\u00e9 predmety a bro\u017e\u00fary o misii pre potreby misie. To predpoklad\u00e1 spozn\u00e1va\u0165 sv\u00e4t\u00e9 P\u00edsmo a jeho obsah (Zjavenie P\u00e1na, Viera), Cirkev a jej poklady (spolo\u010denstvo a sviatosti) a orientova\u0165 sa v duchovnom \u017eivote. <strong>\u010eal\u0161ie kreat\u00edvne stretnutie sa uskuto\u010dn\u00ed 18. novembra 2015 o 18.15 v kancel\u00e1rii SCM.<\/strong><\/p>\n<p><strong>M\u00f4\u017ee\u0161 sa pr\u00eds\u0165 spokojne &#8222;iba&#8220; pozrie\u0165, aby si mal predstavu, o \u010dom tak\u00e9to stretnutia s\u00fa.<\/strong><\/p>\n<p>S\u00fa\u010das\u0165ou t\u00fdchto stretnut\u00ed bud\u00fa i rozhovory na duchovn\u00fa tematiku.<\/p>\n","protected":false},"excerpt":{"rendered":"<p>SCM by sa rada prezentova\u0165 a informova\u0165 svojich \u010dlenov, n\u00e1v\u0161tevn\u00edkov a host\u00ed o jej \u010dinnosti, mo\u017enostiach i potreb\u00e1ch. Preto \u0165a poz\u00fdva na kreat\u00edvne stretnutia. Radi by sme vytvorili aj pamiatky,&#8230; <a class=\"meta-more\" href=\"https:\/\/www.scmlondon.org\/?p=20720\">Pokra\u010dova\u0165 v \u010d\u00edtan\u00ed <span class=\"meta-nav\">&raquo;<\/span><\/a><\/p>\n","protected":false},"author":417,"featured_media":0,"comment_status":"open","ping_status":"closed","sticky":false,"template":"","format":"standard","meta":{"footnotes":""},"categories":[28],"tags":[],"class_list":["post-20720","post","type-post","status-publish","format-standard","hentry","category-28"],"_links":{"self":[{"href":"https:\/\/www.scmlondon.org\/index.php?rest_route=\/wp\/v2\/posts\/20720","targetHints":{"allow":["GET"]}}],"collection":[{"href":"https:\/\/www.scmlondon.org\/index.php?rest_route=\/wp\/v2\/posts"}],"about":[{"href":"https:\/\/www.scmlondon.org\/index.php?rest_route=\/wp\/v2\/types\/post"}],"author":[{"embeddable":true,"href":"https:\/\/www.scmlondon.org\/index.php?rest_route=\/wp\/v2\/users\/417"}],"replies":[{"embeddable":true,"href":"https:\/\/www.scmlondon.org\/index.php?rest_route=%2Fwp%2Fv2%2Fcomments&post=20720"}],"version-history":[{"count":1,"href":"https:\/\/www.scmlondon.org\/index.php?rest_route=\/wp\/v2\/posts\/20720\/revisions"}],"predecessor-version":[{"id":20722,"href":"https:\/\/www.scmlondon.org\/index.php?rest_route=\/wp\/v2\/posts\/20720\/revisions\/20722"}],"wp:attachment":[{"href":"https:\/\/www.scmlondon.org\/index.php?rest_route=%2Fwp%2Fv2%2Fmedia&parent=20720"}],"wp:term":[{"taxonomy":"category","embeddable":true,"href":"https:\/\/www.scmlondon.org\/index.php?rest_route=%2Fwp%2Fv2%2Fcategories&post=20720"},{"taxonomy":"post_tag","embeddable":true,"href":"https:\/\/www.scmlondon.org\/index.php?rest_route=%2Fwp%2Fv2%2Ftags&post=20720"}],"curies":[{"name":"wp","href":"https:\/\/api.w.org\/{rel}","templated":true}]}}